{"id":10632,"date":"2022-10-03T18:28:42","date_gmt":"2022-10-03T18:28:42","guid":{"rendered":"https:\/\/prueba.caminodesantiagofrances.com\/en\/?p=5356"},"modified":"2022-10-03T18:28:42","modified_gmt":"2022-10-03T18:28:42","slug":"bueno-me-largo","status":"publish","type":"post","link":"https:\/\/caminodesantiagofrances.com\/en\/bueno-me-largo\/","title":{"rendered":"Bueno, me largo"},"content":{"rendered":"\n<h2 class=\"has-text-align-center wp-block-heading\"><strong><a href=\"https:\/\/amzn.to\/3EGRFvL\" target=\"_blank\" data-type=\"URL\" data-id=\"https:\/\/amzn.to\/3EGRFvL\" rel=\"noreferrer noopener sponsored nofollow\">Bueno, me largo. El Camino de Santiago, el camino m\u00e1s importante de mi vida\u00a0(2006), de\u00a0Hape Kerkeling<\/a><\/strong><\/h2>\n\n\n\n<p class=\"wp-block-paragraph\"><strong><a href=\"https:\/\/amzn.to\/3V7kNSk\" target=\"_blank\" data-type=\"URL\" data-id=\"https:\/\/amzn.to\/3V7kNSk\" rel=\"noreferrer noopener sponsored nofollow\">Hape Kerkeling<\/a><\/strong>, el humorista y presentador de televisi\u00f3n m\u00e1s vers\u00e1til de Alemania, camin\u00f3 hasta el sepulcro del <a title=\"Ap\u00f3stol Santiago\" href=\"https:\/\/prueba.caminodesantiagofrances.com\/en\/apostol-santiago\/\" target=\"_blank\" rel=\"noopener\"><strong>Ap\u00f3stol Santiago<\/strong><\/a>\u00a0 en la <a title=\"Catedral de Santiago\" href=\"https:\/\/prueba.caminodesantiagofrances.com\/en\/s\/catedral-de-santiago\/\" target=\"_blank\" rel=\"noopener\"><strong>Catedral de Santiago<\/strong><\/a> en la ciudad de <a title=\"Santiago de Compostela\" href=\"https:\/\/prueba.caminodesantiagofrances.com\/en\/l\/santiago-de-compostela\/\" target=\"_blank\" rel=\"noopener\"><strong>Santiago de Compostela<\/strong><\/a> y experiment\u00f3 la fuerza purificadora del peregrinaje.<\/p>\n\n\n\n<p class=\"wp-block-paragraph\">Con su humor y sensibilidad para los detalles inusitados, Kerkeling se abre a estas regiones y se hace amigo tanto de lugare\u00f1os como de <a title=\"peregrinos\" href=\"https:\/\/prueba.caminodesantiagofrances.com\/en\/peregrinos\/\"><strong>peregrinos<\/strong><\/a> modernos con sus rituales y peculiaridades.<\/p>\n\n\n\n<p class=\"wp-block-paragraph\">La soledad y el silencio, el agotamiento y la incertidumbre, pero tambi\u00e9n el altruismo, la amistad e innumerables recompensas&#8230; as\u00ed como una particular y sorprendente cercan\u00eda a Dios.<\/p>\n\n\n\n<blockquote class=\"wp-block-quote\">\n<p class=\"wp-block-paragraph\">\u00abEste viaje es duro y maravilloso. Es un desaf\u00edo y una invitaci\u00f3n. Te deja acabado y vacio. Y te rehace. Te quita toda la fuerza y te la devuelve triplicada.\u00bb<\/p>\n<cite><strong>Hape Kerkeling<\/strong><\/cite><\/blockquote>\n\n\n\n<p class=\"wp-block-paragraph\">En una nublada ma\u00f1ana de junio, <strong><a href=\"https:\/\/amzn.to\/3V7kNSk\" target=\"_blank\" data-type=\"URL\" data-id=\"https:\/\/amzn.to\/3V7kNSk\" rel=\"noreferrer noopener sponsored nofollow\">Hape Kerkeling<\/a><\/strong>, declarado y apoltronado teleadicto, vence finalmente al perezoso que lleva dentro y emprende la marcha desde Saint-Jean-Pied-de-Port. Le esperan seis semanas solo consigo mismo y su mochila roja de once kilos, recorriendo el legendario <strong><a href=\"https:\/\/prueba.caminodesantiagofrances.com\/en\/\" target=\"_blank\" data-type=\"page\" data-id=\"83\" rel=\"noreferrer noopener\">Camino de Santiago Franc\u00e9s<\/a><\/strong>: a trav\u00e9s de las cumbres nevadas de los Pirineos, el Pa\u00eds Vasco, <strong><a href=\"https:\/\/prueba.caminodesantiagofrances.com\/en\/navarra\/\" target=\"_blank\" data-type=\"URL\" data-id=\"https:\/\/prueba.caminodesantiagofrances.com\/en\/navarra\/\" rel=\"noreferrer noopener\">Navarra<\/a><\/strong>, <strong><a href=\"https:\/\/prueba.caminodesantiagofrances.com\/en\/la-rioja\/\" target=\"_blank\" data-type=\"URL\" data-id=\"https:\/\/prueba.caminodesantiagofrances.com\/en\/la-rioja\/\" rel=\"noreferrer noopener\">La Rioja<\/a><\/strong> y Castilla y Le\u00f3n, hasta la tumba del <a title=\"Ap\u00f3stol Santiago\" href=\"https:\/\/prueba.caminodesantiagofrances.com\/en\/apostol-santiago\/\" target=\"_blank\" rel=\"noopener\"><strong>Ap\u00f3stol Santiago<\/strong><\/a> en Galicia, meta de creyentes de todos los rincones del mundo desde hace m\u00e1s de mil a\u00f1os.<\/p>\n\n\n\n<p class=\"wp-block-paragraph\">Con su humor y sensibilidad para los detalles inusitados, Kerkeling se abre a estas regiones desconocidas y se hace amigo tanto de lugare\u00f1os como de peregrinos modernos con sus rituales y peculiaridades. Experimenta la soledad y el silencio, el agotamiento y la incertidumbre, pero tambi\u00e9n el altruismo, la amistad e innumerables recompensas&#8230; as\u00ed como una particular y sorprendente cercan\u00eda a Dios.<\/p>\n\n\n\n<p class=\"wp-block-paragraph\"><strong>Un libro extraordinario, lleno de humor, calidez y sabidur\u00eda; un testimonio sincero sobre la b\u00fasqueda de Dios y de s\u00ed mismo, y sobre el valor inestimable del viaje a pie.<\/strong><\/p>\n\n\n\n<h3 class=\"has-text-align-center wp-block-heading\"><strong><a href=\"https:\/\/amzn.to\/3V0DaYQ\" target=\"_blank\" data-type=\"URL\" data-id=\"https:\/\/amzn.to\/3V0DaYQ\" rel=\"noreferrer noopener sponsored nofollow\">Bueno, me largo<\/a><\/strong><\/h3>\n\n\n\n<div class=\"wp-block-columns\">\n<div class=\"wp-block-column\"><\/div>\n\n\n\n<div class=\"wp-block-column\">\n\n<\/div>\n\n\n\n<div class=\"wp-block-column\"><\/div>\n<\/div>\n\n\n<p><nav aria-label=\"breadcrumbs\" class=\"rank-math-breadcrumb\"><p><span class=\"last\">Camino de Santiago Franc\u00e9s<\/span><\/p><\/nav><\/p>\n","protected":false},"excerpt":{"rendered":"<p>Bueno, me largo. El Camino de Santiago, el camino m\u00e1s importante de mi vida\u00a0(2006), de\u00a0Hape Kerkeling Hape Kerkeling, el humorista y presentador de televisi\u00f3n m\u00e1s vers\u00e1til de Alemania, camin\u00f3 hasta el sepulcro del Ap\u00f3stol Santiago\u00a0 en la Catedral de Santiago en la ciudad de Santiago de Compostela y experiment\u00f3 la fuerza purificadora del peregrinaje. Con [&hellip;]<\/p>\n","protected":false},"author":1,"featured_media":10758,"comment_status":"closed","ping_status":"closed","sticky":false,"template":"elementor_theme","format":"standard","meta":{"footnotes":""},"categories":[436],"tags":[],"class_list":["post-10632","post","type-post","status-publish","format-standard","has-post-thumbnail","hentry","category-libros"],"_links":{"self":[{"href":"https:\/\/caminodesantiagofrances.com\/en\/wp-json\/wp\/v2\/posts\/10632","targetHints":{"allow":["GET"]}}],"collection":[{"href":"https:\/\/caminodesantiagofrances.com\/en\/wp-json\/wp\/v2\/posts"}],"about":[{"href":"https:\/\/caminodesantiagofrances.com\/en\/wp-json\/wp\/v2\/types\/post"}],"author":[{"embeddable":true,"href":"https:\/\/caminodesantiagofrances.com\/en\/wp-json\/wp\/v2\/users\/1"}],"replies":[{"embeddable":true,"href":"https:\/\/caminodesantiagofrances.com\/en\/wp-json\/wp\/v2\/comments?post=10632"}],"version-history":[{"count":0,"href":"https:\/\/caminodesantiagofrances.com\/en\/wp-json\/wp\/v2\/posts\/10632\/revisions"}],"wp:attachment":[{"href":"https:\/\/caminodesantiagofrances.com\/en\/wp-json\/wp\/v2\/media?parent=10632"}],"wp:term":[{"taxonomy":"category","embeddable":true,"href":"https:\/\/caminodesantiagofrances.com\/en\/wp-json\/wp\/v2\/categories?post=10632"},{"taxonomy":"post_tag","embeddable":true,"href":"https:\/\/caminodesantiagofrances.com\/en\/wp-json\/wp\/v2\/tags?post=10632"}],"curies":[{"name":"wp","href":"https:\/\/api.w.org\/{rel}","templated":true}]}}