{"id":12808,"date":"2024-07-02T23:00:00","date_gmt":"2024-07-02T21:00:00","guid":{"rendered":"https:\/\/caminodesantiagofrances.com\/en\/?p=12808"},"modified":"2024-08-21T00:58:43","modified_gmt":"2024-08-20T22:58:43","slug":"capitulo-4-torres-del-rio-santo-domingo-de-la-calzada","status":"publish","type":"post","link":"https:\/\/caminodesantiagofrances.com\/en\/capitulo-4-torres-del-rio-santo-domingo-de-la-calzada\/","title":{"rendered":"Cap\u00edtulo 4 | Torres del Rio &#8211; Santo Domingo de la Calzada"},"content":{"rendered":"\n<h2 class=\"wp-block-heading has-text-align-center\">Video Cap\u00edtulo 4 | Torres del Rio &#8211; Santo Domingo de la Calzada con Jorge de la Rosa<\/h2>\n\n\n\n<figure class=\"wp-block-embed is-type-video is-provider-youtube wp-block-embed-youtube wp-embed-aspect-16-9 wp-has-aspect-ratio\"><div class=\"wp-block-embed__wrapper\">\n<div class=\"geodir-embed-container\"><iframe loading=\"lazy\" title=\"Cap\u00edtulo 4 | Torres del rio - Santo Domingo de la Calzada | Camino de Santiago FRANC\u00c9S\" width=\"920\" height=\"518\" src=\"https:\/\/www.youtube.com\/embed\/omh2I7g01lM?feature=oembed\" frameborder=\"0\" allow=\"accelerometer; autoplay; clipboard-write; encrypted-media; gyroscope; picture-in-picture; web-share\" referrerpolicy=\"strict-origin-when-cross-origin\" allowfullscreen><\/iframe><\/div>\n<\/div><\/figure>\n\n\n\n<h3 class=\"wp-block-heading has-text-align-center\">Cap\u00edtulo 4 | Torres del Rio &#8211; Santo Domingo de la Calzada con Jorge de la Rosa<\/h3>\n\n\n\n<ul class=\"wp-block-list\">\n<li>Etapa 7 | Torres del R\u00edo &#8211; Logro\u00f1o (20 km)<\/li>\n\n\n\n<li>Etapa 8 | Logro\u00f1o &#8211; N\u00e1jera (29 km)<\/li>\n\n\n\n<li>Etapa 9 | N\u00e1jera &#8211; Santo Domingo de la Calzada (20,7 km)<\/li>\n<\/ul>\n\n\n\n<p class=\"wp-block-paragraph\">El <strong><a href=\"https:\/\/caminodesantiagofrances.com\/en\/\" data-type=\"page\" data-id=\"86\">Camino de Santiago Franc\u00e9s<\/a><\/strong> ha tenido un impacto profundo y significativo en la vida y el mundo interno de <strong>Jorge de la Rosa<\/strong>. Antes de comenzar esta aventura, \u00e9l se encontraba en un lugar oscuro, luchando contra una depresi\u00f3n intensa que lo acompa\u00f1aba. Durante ese tiempo, Jorge acumulaba un gran dolor emocional que, aunque intentaba ignorar, no pod\u00eda escapar de su peso. Cada paso que daba en el camino se convirti\u00f3 en una confrontaci\u00f3n con ese dolor. Ten\u00eda que enfrentar sus sentimientos y pensamientos oscuros en cada etapa de la jornada hasta llegar a la <strong><a href=\"https:\/\/caminodesantiagofrances.com\/en\/sitio\/catedral-de-santiago\/\" data-type=\"gd_place\" data-id=\"12591\">Catedral de Santiago<\/a><\/strong> en <strong><a href=\"https:\/\/caminodesantiagofrances.com\/en\/provincia-a-coruna\/santiago-de-compostela\/\" data-type=\"page\" data-id=\"12306\" target=\"_blank\" rel=\"noreferrer noopener\">Santiago de Compostela<\/a><\/strong>.<\/p>\n\n\n\n<p class=\"wp-block-paragraph\">En este cuarto cap\u00edtulo de su viaje, Jorge se dio cuenta de que el camino le brindaba m\u00e1s momentos de soledad. Esta soledad result\u00f3 ser algo positivo, ya que le ofrec\u00eda la oportunidad de realizar una introspecci\u00f3n profunda. Al estar solo, pod\u00eda reflexionar y analizar las razones detr\u00e1s de su ansiedad y los problemas emocionales que lo hab\u00edan estado afectando. Durante este proceso, algunas conversaciones significativas con una chica que conoci\u00f3 se convirtieron en catalizadores de estos sentimientos. Las interacciones, aunque inicialmente emocionantes, tambi\u00e9n tocaron heridas de su pasado. Estas heridas estaban escondidas y, al ser tocadas, hicieron que resurgieran viejos mecanismos de dolor que necesitaban ser abordados si realmente quer\u00eda encontrar la paz y el equilibrio en su vida en el futuro.<\/p>\n\n\n\n<p class=\"wp-block-paragraph\">A lo largo de su traves\u00eda, el camino sorprendi\u00f3 a Jorge con localidades encantadoras, como <strong><a href=\"https:\/\/caminodesantiagofrances.com\/en\/la-rioja\/logrono\/\" data-type=\"page\" data-id=\"11211\">Logro\u00f1o<\/a><\/strong>. En esta ciudad destaca la famosa calle Laurel, un lugar vibrante lleno de vida y sabor. Lamentablemente, no logr\u00f3 capturar im\u00e1genes de este hermoso lugar debido a la lluvia que ca\u00eda en ese momento. Adem\u00e1s, pas\u00f3 por <strong><a href=\"https:\/\/caminodesantiagofrances.com\/en\/la-rioja\/ventosa\/\" data-type=\"page\" data-id=\"11233\">Ventosa<\/a><\/strong>, entre otros pueblos pintorescos, donde encontr\u00f3 un kil\u00f3metro repleto de arte que lo inspir\u00f3 profundamente. Como siempre, en cada rinc\u00f3n del camino surg\u00edan sus reflexiones m\u00e1s sinceras, las cuales proven\u00edan directamente desde lo m\u00e1s profundo de su coraz\u00f3n. Estas reflexiones eran esenciales, ya que le ayudaban a entenderse mejor y a reconocer lo que realmente necesitaba para sanar y avanzar en su vida.<\/p>\n\n\n<p><nav aria-label=\"breadcrumbs\" class=\"rank-math-breadcrumb\"><p><span class=\"last\">Camino de Santiago Franc\u00e9s<\/span><\/p><\/nav><\/p>\n\n\n\n<p class=\"wp-block-paragraph\"><a href=\"https:\/\/www.youtube.com\/@jorge_delarosa\" rel=\"nofollow noopener\" target=\"_blank\"><\/a><\/p>\n","protected":false},"excerpt":{"rendered":"<p>Video Cap\u00edtulo 4 | Torres del Rio &#8211; Santo Domingo de la Calzada con Jorge de la Rosa Cap\u00edtulo 4 | Torres del Rio &#8211; Santo Domingo de la Calzada con Jorge de la Rosa El Camino de Santiago Franc\u00e9s ha tenido un impacto profundo y significativo en la vida y el mundo interno de [&hellip;]<\/p>\n","protected":false},"author":1,"featured_media":12812,"comment_status":"closed","ping_status":"closed","sticky":false,"template":"","format":"standard","meta":{"footnotes":""},"categories":[434],"tags":[690],"class_list":["post-12808","post","type-post","status-publish","format-standard","has-post-thumbnail","hentry","category-videos","tag-jorgedelarosa"],"_links":{"self":[{"href":"https:\/\/caminodesantiagofrances.com\/en\/wp-json\/wp\/v2\/posts\/12808","targetHints":{"allow":["GET"]}}],"collection":[{"href":"https:\/\/caminodesantiagofrances.com\/en\/wp-json\/wp\/v2\/posts"}],"about":[{"href":"https:\/\/caminodesantiagofrances.com\/en\/wp-json\/wp\/v2\/types\/post"}],"author":[{"embeddable":true,"href":"https:\/\/caminodesantiagofrances.com\/en\/wp-json\/wp\/v2\/users\/1"}],"replies":[{"embeddable":true,"href":"https:\/\/caminodesantiagofrances.com\/en\/wp-json\/wp\/v2\/comments?post=12808"}],"version-history":[{"count":0,"href":"https:\/\/caminodesantiagofrances.com\/en\/wp-json\/wp\/v2\/posts\/12808\/revisions"}],"wp:featuredmedia":[{"embeddable":true,"href":"https:\/\/caminodesantiagofrances.com\/en\/wp-json\/wp\/v2\/media\/12812"}],"wp:attachment":[{"href":"https:\/\/caminodesantiagofrances.com\/en\/wp-json\/wp\/v2\/media?parent=12808"}],"wp:term":[{"taxonomy":"category","embeddable":true,"href":"https:\/\/caminodesantiagofrances.com\/en\/wp-json\/wp\/v2\/categories?post=12808"},{"taxonomy":"post_tag","embeddable":true,"href":"https:\/\/caminodesantiagofrances.com\/en\/wp-json\/wp\/v2\/tags?post=12808"}],"curies":[{"name":"wp","href":"https:\/\/api.w.org\/{rel}","templated":true}]}}