{"id":12873,"date":"2023-03-17T22:24:00","date_gmt":"2023-03-17T21:24:00","guid":{"rendered":"https:\/\/caminodesantiagofrances.com\/en\/?p=12873"},"modified":"2024-08-03T11:12:56","modified_gmt":"2024-08-03T09:12:56","slug":"video-que-material-llevar-al-camino-de-santiago","status":"publish","type":"post","link":"https:\/\/caminodesantiagofrances.com\/en\/video-que-material-llevar-al-camino-de-santiago\/","title":{"rendered":"Video Qu\u00e9 material LLEVAR al CAMINO de SANTIAGO"},"content":{"rendered":"\n<h2 class=\"wp-block-heading has-text-align-center\">Video Qu\u00e9 material LLEVAR al CAMINO de SANTIAGO con Samy RG<\/h2>\n\n\n\n<figure class=\"wp-block-embed is-type-video is-provider-youtube wp-block-embed-youtube wp-embed-aspect-16-9 wp-has-aspect-ratio\"><div class=\"wp-block-embed__wrapper\">\n<div class=\"geodir-embed-container\"><iframe loading=\"lazy\" title=\"\ud83d\udc56\ud83d\udc49Qu\u00e9 material LLEVAR al CAMINO de SANTIAGO\ud83d\udfe1\" width=\"920\" height=\"518\" src=\"https:\/\/www.youtube.com\/embed\/_1CeWscGy5E?feature=oembed\" frameborder=\"0\" allow=\"accelerometer; autoplay; clipboard-write; encrypted-media; gyroscope; picture-in-picture; web-share\" referrerpolicy=\"strict-origin-when-cross-origin\" allowfullscreen><\/iframe><\/div>\n<\/div><\/figure>\n\n\n\n<h3 class=\"wp-block-heading has-text-align-center\">Qu\u00e9 material LLEVAR al CAMINO de SANTIAGO FRANC\u00c9S con Samy RG<\/h3>\n\n\n\n<p class=\"wp-block-paragraph\">Samy RG hablar\u00e1 sobre la IMPORTANCIA DE ELEGIR BIEN EL EQUIPO QUE DEBEMOS LLEVAR AL RECORRER EL CAMINO DE SANTIAGO desde su perspectiva. Cuando uno se dispone a hacer el <strong><a href=\"https:\/\/caminodesantiagofrances.com\/en\/\" data-type=\"page\" data-id=\"86\">Camino de Santiago Franc\u00e9s<\/a><\/strong> por primera vez, es com\u00fan sentirse algo confundido acerca de qu\u00e9 art\u00edculos llevar en la mochila. Por lo tanto, Samy RG ha preparado este v\u00eddeo para asistir en tomar decisiones acertadas y as\u00ed evitar cargar con peso innecesario. \u00a1Espera que la informaci\u00f3n que comparte sea de utilidad en tu aventura!<\/p>\n\n\n\n<h2 class=\"wp-block-heading has-text-align-center\">Qu\u00e9 material LLEVAR al CAMINO de SANTIAGO<\/h2>\n\n\n\n<p class=\"wp-block-paragraph\">En este video Samy RG est\u00e1 aqu\u00ed para resolver dudas sobre el material necesario para el Camino de Santiago. Samy sabe que cuando es la primera vez, suelen surgir muchas preguntas y llevar cosas de m\u00e1s es com\u00fan. No hay que asustarse; Samy va a mostrar qu\u00e9 llevar y qu\u00e9 es \u00fatil.<\/p>\n\n\n\n<p class=\"wp-block-paragraph\">En primer lugar, una bater\u00eda externa es b\u00e1sica y s\u00faper necesaria. Samy recomienda una de 10.000 mAh, suficiente para unas dos cargas. Tambi\u00e9n sugiere llevar bastones, aunque \u00e9l no los us\u00f3 en su segundo camino. Samy cree que son \u00fatiles para posibles lesiones y facilitan la marcha.<\/p>\n\n\n\n<p class=\"wp-block-paragraph\">Una bolsa de aseo es imprescindible, y se puede combinar con el botiqu\u00edn. Samy prefiere llevarlos por separado. Tambi\u00e9n menciona la importancia de un frontal para las salidas tempranas. La luz siempre es \u00fatil.<\/p>\n\n\n\n<p class=\"wp-block-paragraph\">Samy destaca que el equipo var\u00eda seg\u00fan la \u00e9poca del a\u00f1o. Recomienda un poncho grande para protegerse de la lluvia y cubrir la mochila. Adem\u00e1s, es importante llevar ropa interior y calcetines probados, y \u00e9l usa mallas para evitar rozaduras.<\/p>\n\n\n\n<p class=\"wp-block-paragraph\">Para m\u00e1s detalles, Samy prepara v\u00eddeos espec\u00edficos sobre calzado y mochilas, esenciales seg\u00fan la capacidad y \u00e9poca del a\u00f1o. Tambi\u00e9n sugiere llevar un cordino para reparaciones r\u00e1pidas y un saco de dormir seg\u00fan la temporada y el albergue.<\/p>\n\n\n\n<p class=\"wp-block-paragraph\">Una navaja es \u00fatil, pero Samy advierte sobre las restricciones en los aeropuertos. Recomienda suscribirse al canal para m\u00e1s consejos y mantenerse hidratado con una cantimplora reutilizable de litro y medio.<\/p>\n\n\n\n<p class=\"wp-block-paragraph\">Samy subraya la importancia de la protecci\u00f3n solar y ocular. Sugiere llevar un ladr\u00f3n el\u00e9ctrico para cargar m\u00faltiples dispositivos en los albergues. Finalmente, Samy insiste en llevar la credencial y la concha del peregrino, junto con un papelito con los datos de los alojamientos, y dos cambios de ropa.<\/p>\n\n\n\n<p class=\"wp-block-paragraph\">Samy recuerda no tener miedo al camino; es seguro y controlado. Recomienda llevar unas chanclas, y destaca la importancia de la planificaci\u00f3n y la preparaci\u00f3n. Con esto, Samy concluye el v\u00eddeo y anima a dejar comentarios sobre el material para mejorar la informaci\u00f3n compartida.<br><\/p>\n\n\n\n<hr class=\"wp-block-separator has-alpha-channel-opacity\"\/>\n\n\n\n<h4 class=\"wp-block-heading has-text-align-center\"><strong>\u00a1Buen Camino, peregrinos!<\/strong><\/h4>\n\n\n\n<hr class=\"wp-block-separator has-alpha-channel-opacity\"\/>\n\n\n<p><nav aria-label=\"breadcrumbs\" class=\"rank-math-breadcrumb\"><p><span class=\"last\">Camino de Santiago Franc\u00e9s<\/span><\/p><\/nav><\/p>\n","protected":false},"excerpt":{"rendered":"<p>Video Qu\u00e9 material LLEVAR al CAMINO de SANTIAGO con Samy RG Qu\u00e9 material LLEVAR al CAMINO de SANTIAGO FRANC\u00c9S con Samy RG Samy RG hablar\u00e1 sobre la IMPORTANCIA DE ELEGIR BIEN EL EQUIPO QUE DEBEMOS LLEVAR AL RECORRER EL CAMINO DE SANTIAGO desde su perspectiva. Cuando uno se dispone a hacer el Camino de Santiago [&hellip;]<\/p>\n","protected":false},"author":1,"featured_media":0,"comment_status":"closed","ping_status":"closed","sticky":false,"template":"","format":"standard","meta":{"footnotes":""},"categories":[434],"tags":[],"class_list":["post-12873","post","type-post","status-publish","format-standard","hentry","category-videos"],"_links":{"self":[{"href":"https:\/\/caminodesantiagofrances.com\/en\/wp-json\/wp\/v2\/posts\/12873","targetHints":{"allow":["GET"]}}],"collection":[{"href":"https:\/\/caminodesantiagofrances.com\/en\/wp-json\/wp\/v2\/posts"}],"about":[{"href":"https:\/\/caminodesantiagofrances.com\/en\/wp-json\/wp\/v2\/types\/post"}],"author":[{"embeddable":true,"href":"https:\/\/caminodesantiagofrances.com\/en\/wp-json\/wp\/v2\/users\/1"}],"replies":[{"embeddable":true,"href":"https:\/\/caminodesantiagofrances.com\/en\/wp-json\/wp\/v2\/comments?post=12873"}],"version-history":[{"count":0,"href":"https:\/\/caminodesantiagofrances.com\/en\/wp-json\/wp\/v2\/posts\/12873\/revisions"}],"wp:attachment":[{"href":"https:\/\/caminodesantiagofrances.com\/en\/wp-json\/wp\/v2\/media?parent=12873"}],"wp:term":[{"taxonomy":"category","embeddable":true,"href":"https:\/\/caminodesantiagofrances.com\/en\/wp-json\/wp\/v2\/categories?post=12873"},{"taxonomy":"post_tag","embeddable":true,"href":"https:\/\/caminodesantiagofrances.com\/en\/wp-json\/wp\/v2\/tags?post=12873"}],"curies":[{"name":"wp","href":"https:\/\/api.w.org\/{rel}","templated":true}]}}