{"id":12907,"date":"2024-07-20T12:46:13","date_gmt":"2024-07-20T10:46:13","guid":{"rendered":"https:\/\/caminodesantiagofrances.com\/en\/?p=12907"},"modified":"2024-08-01T13:01:07","modified_gmt":"2024-08-01T11:01:07","slug":"paul-horiot-su-burro-y-su-perra-han-estado-en-peregrinacion-durante-seis-meses","status":"publish","type":"post","link":"https:\/\/caminodesantiagofrances.com\/en\/paul-horiot-su-burro-y-su-perra-han-estado-en-peregrinacion-durante-seis-meses\/","title":{"rendered":"Paul Horiot, su burro y su perra han estado en peregrinaci\u00f3n durante seis meses"},"content":{"rendered":"\n<h2 class=\"wp-block-heading has-text-align-center\">Paul Horiot lleva peregrinando seis meses<\/h2>\n\n\n\n<p class=\"wp-block-paragraph\">Paul Horiot, un joven de 21 a\u00f1os, ha emprendido una extraordinaria peregrinaci\u00f3n en compa\u00f1\u00eda de su burro Desir\u00e9 y su perra Yang. Esta aventura de seis meses ha capturado la atenci\u00f3n de muchos, destacando por su profundidad espiritual y las ense\u00f1anzas que Paul ha obtenido en su camino.<\/p>\n\n\n\n<h3 class=\"wp-block-heading has-text-align-center\">Un Inicio Inusual De Troyes a Lal\u00edn: Los Primeros Pasos<\/h3>\n\n\n\n<p class=\"wp-block-paragraph\">El 14 de enero, Paul comenz\u00f3 su viaje desde su granja cerca de <strong>Troyes<\/strong>, <strong>Francia<\/strong>. Ayer, su llegada a Lal\u00edn atrajo la atenci\u00f3n de numerosos vecinos curiosos. A lo largo de este trayecto, ha recorrido paisajes pintorescos y se ha encontrado con diversas personas que han enriquecido su experiencia.<\/p>\n\n\n\n<h3 class=\"wp-block-heading has-text-align-center\">Objetivo Inicial: La Catedral de Santiago<\/h3>\n\n\n\n<p class=\"wp-block-paragraph\">Paul espera llegar a la majestuosa <strong><a href=\"https:\/\/caminodesantiagofrances.com\/en\/sitio\/catedral-de-santiago\/\" data-type=\"gd_place\" data-id=\"12591\">Catedral de Santiago<\/a><\/strong> este s\u00e1bado, donde se reencontrar\u00e1 con su novia belga, a quien conoci\u00f3 durante su peregrinaci\u00f3n y no ha visto desde <strong><a href=\"https:\/\/caminodesantiagofrances.com\/en\/provincia-de-leon\/ponferrada\/\" data-type=\"page\" data-id=\"11776\">Ponferrada<\/a><\/strong>. Sin embargo, su viaje no culminar\u00e1 ah\u00ed; planea regresar a su hogar en Francia a pie, continuando su peregrinaje por otros seis meses.<\/p>\n\n\n\n<h3 class=\"wp-block-heading has-text-align-center\">La Motivaci\u00f3n Espiritual Detr\u00e1s del Viaje, M\u00e1s All\u00e1 de lo Religioso<\/h3>\n\n\n\n<p class=\"wp-block-paragraph\">El motivo de Paul para emprender esta traves\u00eda no es meramente religioso, sino espiritual. Deseaba hacer el recorrido en solitario para encontrarse a s\u00ed mismo y conectar profundamente con el mundo que lo rodea. No buscaba respuestas espec\u00edficas, sino experiencias y conexiones significativas.<\/p>\n\n\n\n<h3 class=\"wp-block-heading has-text-align-center\">El Encuentro con el Amor Incondicional<\/h3>\n\n\n\n<p class=\"wp-block-paragraph\">Paul busca vivir y experimentar el amor incondicional. Critica c\u00f3mo los medios y la publicidad se centran en temas superficiales, alej\u00e1ndose de la verdadera esencia del amor. Para \u00e9l, este amor se manifiesta en los peque\u00f1os detalles cotidianos y en las interacciones genuinas con los dem\u00e1s.<\/p>\n\n\n\n<h3 class=\"wp-block-heading has-text-align-center\">Encuentros Memorables en el Camino<\/h3>\n\n\n\n<h4 class=\"wp-block-heading has-text-align-center\">La Hospitalidad de Sophie<\/h4>\n\n\n\n<p class=\"wp-block-paragraph\">Durante su viaje, Paul ha sido testigo de la generosidad y bondad de muchas personas. Sophie, una mujer que lo acogi\u00f3 en Francia durante dos semanas para cuidar de su perra enferma, es un ejemplo notable de esta hospitalidad.<\/p>\n\n\n\n<h3 class=\"wp-block-heading has-text-align-center\">Una Mano Amiga en Torres del R\u00edo<\/h3>\n\n\n\n<p class=\"wp-block-paragraph\">En <strong><a href=\"https:\/\/caminodesantiagofrances.com\/en\/la-rioja\/logrono\/\" data-type=\"page\" data-id=\"11211\">Logro\u00f1o<\/a><\/strong>, una vecina de <strong><a href=\"https:\/\/caminodesantiagofrances.com\/en\/navarra\/torres-del-rio\/\" data-type=\"page\" data-id=\"11163\">Torres del R\u00edo<\/a><\/strong> ofreci\u00f3 refugio a Paul tras ayudar a salvar a su perro. Estos actos de bondad han dejado una profunda huella en \u00e9l, reafirmando su fe en la humanidad.<\/p>\n\n\n\n<h3 class=\"wp-block-heading has-text-align-center\">Reflexiones sobre el Peregrinaje<\/h3>\n\n\n\n<h4 class=\"wp-block-heading has-text-align-center\">Despoj\u00e1ndose de lo Superfluo<\/h4>\n\n\n\n<p class=\"wp-block-paragraph\">Para Paul, el peregrinaje es una oportunidad para desprenderse de las cosas que la sociedad moderna considera esenciales, pero que en realidad no lo son. El Camino invita a la soledad y la paz, permitiendo momentos de reflexi\u00f3n e introspecci\u00f3n.<\/p>\n\n\n\n<h3 class=\"wp-block-heading has-text-align-center\">Preferencia por el Camino de Invierno<\/h3>\n\n\n\n<p class=\"wp-block-paragraph\">Aunque Paul comenz\u00f3 su viaje en el popular <strong><a href=\"https:\/\/caminodesantiagofrances.com\/en\/\" data-type=\"page\" data-id=\"86\">Camino de Santiago Franc\u00e9s<\/a><\/strong>, pronto cambi\u00f3 de rumbo en <strong><a href=\"https:\/\/caminodesantiagofrances.com\/en\/sitio\/castillo-de-ponferrada\/\" data-type=\"gd_place\" data-id=\"12720\">Ponferrada<\/a><\/strong> hacia el Camino de Invierno. Prefiere esta ruta menos transitada, donde se siente m\u00e1s conectado con la esencia aut\u00e9ntica del peregrinaje, lejos de la comercializaci\u00f3n del Camino Franc\u00e9s.<\/p>\n\n\n\n<h3 class=\"wp-block-heading has-text-align-center\">El Significado del Camino M\u00e1s All\u00e1 del Destino Final<\/h3>\n\n\n\n<p class=\"wp-block-paragraph\">Para Paul, el verdadero significado del Camino de Santiago no reside en llegar a la <strong><a href=\"https:\/\/caminodesantiagofrances.com\/en\/sitio\/catedral-de-santiago\/\" data-type=\"gd_place\" data-id=\"12591\">Catedral de Santiago<\/a><\/strong> en <strong><a href=\"https:\/\/caminodesantiagofrances.com\/en\/provincia-a-coruna\/santiago-de-compostela\/\" data-type=\"page\" data-id=\"12306\">Santiago de Compostela<\/a><\/strong>, sino en las experiencias y aprendizajes obtenidos durante el viaje. Cada encuentro y cada paso dado son parte esencial de esta traves\u00eda espiritual.<\/p>\n\n\n\n<h3 class=\"wp-block-heading has-text-align-center\">En Busca de un Prop\u00f3sito Mayor<\/h3>\n\n\n\n<p class=\"wp-block-paragraph\">Paul observa que muchas personas buscan algo m\u00e1s grande y significativo que lo que el mundo moderno ofrece. \u00c9l cree que vivimos en un mundo en crisis, donde las religiones tradicionales est\u00e1n perdiendo su influencia. Su peregrinaje es una b\u00fasqueda de amor incondicional y de una conexi\u00f3n m\u00e1s profunda con la humanidad.<\/p>\n\n\n\n<h2 class=\"wp-block-heading has-text-align-center\">Paul Horiot, su burro y su perra llevan peregrinando seis meses<\/h2>\n\n\n\n<p class=\"wp-block-paragraph\">La traves\u00eda de <strong>Paul Horiot<\/strong> en el Camino de Santiago es un testimonio inspirador de b\u00fasqueda espiritual y de amor incondicional. A trav\u00e9s de sus experiencias, nos recuerda la importancia de la conexi\u00f3n humana genuina y de valorar los peque\u00f1os detalles de la vida. Su historia es un faro de esperanza y reflexi\u00f3n en un mundo que a menudo se siente desconectado y superficial.<\/p>\n\n\n\n<hr class=\"wp-block-separator has-alpha-channel-opacity\"\/>\n\n\n\n<h4 class=\"wp-block-heading has-text-align-center\"><strong>\u00a1Buen Camino, peregrinos!<\/strong><\/h4>\n\n\n\n<hr class=\"wp-block-separator has-alpha-channel-opacity\"\/>\n\n\n<p><nav aria-label=\"breadcrumbs\" class=\"rank-math-breadcrumb\"><p><span class=\"last\">Camino de Santiago Franc\u00e9s<\/span><\/p><\/nav><\/p>\n","protected":false},"excerpt":{"rendered":"<p>Paul Horiot lleva peregrinando seis meses Paul Horiot, un joven de 21 a\u00f1os, ha emprendido una extraordinaria peregrinaci\u00f3n en compa\u00f1\u00eda de su burro Desir\u00e9 y su perra Yang. Esta aventura de seis meses ha capturado la atenci\u00f3n de muchos, destacando por su profundidad espiritual y las ense\u00f1anzas que Paul ha obtenido en su camino. Un [&hellip;]<\/p>\n","protected":false},"author":1,"featured_media":12908,"comment_status":"closed","ping_status":"closed","sticky":false,"template":"","format":"standard","meta":{"footnotes":""},"categories":[687],"tags":[],"class_list":["post-12907","post","type-post","status-publish","format-standard","has-post-thumbnail","hentry","category-actualidades"],"_links":{"self":[{"href":"https:\/\/caminodesantiagofrances.com\/en\/wp-json\/wp\/v2\/posts\/12907","targetHints":{"allow":["GET"]}}],"collection":[{"href":"https:\/\/caminodesantiagofrances.com\/en\/wp-json\/wp\/v2\/posts"}],"about":[{"href":"https:\/\/caminodesantiagofrances.com\/en\/wp-json\/wp\/v2\/types\/post"}],"author":[{"embeddable":true,"href":"https:\/\/caminodesantiagofrances.com\/en\/wp-json\/wp\/v2\/users\/1"}],"replies":[{"embeddable":true,"href":"https:\/\/caminodesantiagofrances.com\/en\/wp-json\/wp\/v2\/comments?post=12907"}],"version-history":[{"count":0,"href":"https:\/\/caminodesantiagofrances.com\/en\/wp-json\/wp\/v2\/posts\/12907\/revisions"}],"wp:featuredmedia":[{"embeddable":true,"href":"https:\/\/caminodesantiagofrances.com\/en\/wp-json\/wp\/v2\/media\/12908"}],"wp:attachment":[{"href":"https:\/\/caminodesantiagofrances.com\/en\/wp-json\/wp\/v2\/media?parent=12907"}],"wp:term":[{"taxonomy":"category","embeddable":true,"href":"https:\/\/caminodesantiagofrances.com\/en\/wp-json\/wp\/v2\/categories?post=12907"},{"taxonomy":"post_tag","embeddable":true,"href":"https:\/\/caminodesantiagofrances.com\/en\/wp-json\/wp\/v2\/tags?post=12907"}],"curies":[{"name":"wp","href":"https:\/\/api.w.org\/{rel}","templated":true}]}}