{"id":12911,"date":"2022-08-26T22:11:00","date_gmt":"2022-08-26T20:11:00","guid":{"rendered":"https:\/\/caminodesantiagofrances.com\/en\/?p=12911"},"modified":"2024-08-19T15:54:50","modified_gmt":"2024-08-19T13:54:50","slug":"video-etapa-6-estella-a-los-arcos-con-jhonatan-barrios","status":"publish","type":"post","link":"https:\/\/caminodesantiagofrances.com\/en\/video-etapa-6-estella-a-los-arcos-con-jhonatan-barrios\/","title":{"rendered":"Video Etapa 6: Estella a Los Arcos con Jhonatan Barrios"},"content":{"rendered":"\n<h2 class=\"wp-block-heading\">Video Etapa 6: Estella a Los Arcos | Camino Franc\u00e9s con Jhonatan Barrios<\/h2>\n\n\n\n<figure class=\"wp-block-embed aligncenter is-type-video is-provider-youtube wp-block-embed-youtube wp-embed-aspect-16-9 wp-has-aspect-ratio\"><div class=\"wp-block-embed__wrapper\">\n<div class=\"geodir-embed-container\"><iframe loading=\"lazy\" title=\"Etapa 6: Estella a Los Arcos | Camino Franc\u00e9s | Camino de Santiago\" width=\"920\" height=\"518\" src=\"https:\/\/www.youtube.com\/embed\/wzagOf3kGc8?feature=oembed\" frameborder=\"0\" allow=\"accelerometer; autoplay; clipboard-write; encrypted-media; gyroscope; picture-in-picture; web-share\" referrerpolicy=\"strict-origin-when-cross-origin\" allowfullscreen><\/iframe><\/div>\n<\/div><\/figure>\n\n\n\n<h3 class=\"wp-block-heading has-text-align-center\"><a href=\"https:\/\/www.youtube.com\/@JhonatanBarriosBustos\" rel=\"nofollow noopener\" target=\"_blank\"><\/a>Etapa 6: Estella a Los Arcos | Camino de Santiago Franc\u00e9s con Jhonatan Barrios<\/h3>\n\n\n\n<p class=\"has-text-align-left wp-block-paragraph\">Jhonatan Barrios comparte esta gu\u00eda detallada de la Etapa 6 del famoso <strong><a href=\"https:\/\/caminodesantiagofrances.com\/en\/\" data-type=\"page\" data-id=\"86\">Camino de Santiago Franc\u00e9s<\/a><\/strong>, que abarca el tramo desde <strong><a href=\"https:\/\/caminodesantiagofrances.com\/en\/navarra\/estella\/\" data-type=\"page\" data-id=\"11128\">Estella<\/a><\/strong> hasta <strong><a href=\"https:\/\/caminodesantiagofrances.com\/en\/navarra\/los-arcos\/\" data-type=\"page\" data-id=\"11152\">Los Arcos<\/a><\/strong>, con una longitud de 21.5 kil\u00f3metros. Para agregar contexto temporal, esta parte del trayecto fue recorrida en su totalidad durante un per\u00edodo que abarc\u00f3 desde el 26 de abril hasta el 26 de mayo de 2022.<\/p>\n\n\n\n<p class=\"has-text-align-left wp-block-paragraph\">El prop\u00f3sito de esta traves\u00eda es sumergirse en la belleza natural que caracteriza a esta regi\u00f3n, capturando la esencia de los extensos campos de cebada y trigo con sus tonalidades que van desde el verde m\u00e1s exuberante hasta el amarillo m\u00e1s brillante. A trav\u00e9s de su video, Jhonatan desea compartir la experiencia vivida, destacando los diversos paisajes y la serenidad que se respira en cada paso del camino. <\/p>\n\n\n\n<p class=\"has-text-align-left wp-block-paragraph\">\u00a1Sigue disfrutando de esta aventura marcada por la sencillez y la majestuosidad de la naturaleza!<\/p>\n\n\n\n<h3 class=\"wp-block-heading has-text-align-center\"><a href=\"https:\/\/www.youtube.com\/@JhonatanBarriosBustos\" rel=\"nofollow noopener\" target=\"_blank\"><\/a>Etapa 6: Estella a Los Arcos con Jhonatan Barrios<\/h3>\n\n\n\n<p class=\"wp-block-paragraph\">A las 6:40 de la ma\u00f1ana, Jhonatan Barrios sal\u00eda del albergue municipal de <strong>Estella-Lizarra<\/strong>, comenzando su viaje hacia <strong><a href=\"https:\/\/caminodesantiagofrances.com\/en\/navarra\/los-arcos\/\" data-type=\"page\" data-id=\"11152\">Los Arcos<\/a><\/strong>, a 22 km de distancia. El pueblo quedaba atr\u00e1s mientras segu\u00eda el s\u00edmbolo de la concha, indicativo del <strong><a href=\"https:\/\/caminodesantiagofrances.com\/en\/\" data-type=\"page\" data-id=\"86\">Camino de Santiago Franc\u00e9s<\/a><\/strong>. Poco despu\u00e9s, lleg\u00f3 al puente del vino, donde esperaba encontrar la fuente famosa por ofrecer vino o agua.<\/p>\n\n\n\n<p class=\"wp-block-paragraph\">Las <strong>Bodegas de Irache<\/strong>, una de las m\u00e1s antiguas de <strong><a href=\"https:\/\/caminodesantiagofrances.com\/en\/navarra\/\" data-type=\"page\" data-id=\"6005\">Navarra<\/a><\/strong>, fueron fundadas en 1891, aunque los monjes benedictinos ya produc\u00edan vino en el siglo X. Jhonatan se detuvo en la fuente del vino de Irache, probando el vino a las 7:30 de la ma\u00f1ana, cumpliendo con la tradici\u00f3n de los <strong><a href=\"https:\/\/caminodesantiagofrances.com\/en\/peregrinos\/\" data-type=\"page\" data-id=\"5880\">peregrinos<\/a><\/strong>.<\/p>\n\n\n\n<p class=\"wp-block-paragraph\">Continuando su camino, Jhonatan pas\u00f3 por el monasterio de <strong>Santa Mar\u00eda la Real de Irache<\/strong>, un lugar de gran importancia hist\u00f3rica en el Camino de Santiago. Este <strong>monasterio<\/strong>, con or\u00edgenes en el siglo XIII, hab\u00eda servido como hospital de peregrinos, universidad, hospital de guerra y colegio religioso. Aunque deshabitado desde 1985, su arquitectura medieval, renacentista y barroca a\u00fan era impresionante.<\/p>\n\n\n\n<p class=\"wp-block-paragraph\">M\u00e1s adelante, Jhonatan lleg\u00f3 a <strong><a href=\"https:\/\/caminodesantiagofrances.com\/en\/navarra\/villamayor-de-monjardin\/\" data-type=\"page\" data-id=\"11146\">Villamayor de Monjard\u00edn<\/a><\/strong>, donde la fuente de los moros, un aljibe medieval del siglo XIII, refrescaba a los peregrinos. Con 10 km por recorrer hasta <strong><a href=\"https:\/\/caminodesantiagofrances.com\/en\/navarra\/los-arcos\/\" data-type=\"page\" data-id=\"11152\">Los Arcos<\/a><\/strong>, Jhonatan sigui\u00f3 las flechas y el dibujo del peregrino, disfrutando del paisaje verde y el viento refrescante.<\/p>\n\n\n\n<p class=\"wp-block-paragraph\">A 9 km de Los Arcos, Jhonatan se detuvo para llenar su cantimplora en una fuente y reflexion\u00f3 sobre los paisajes que lo acompa\u00f1aban en estas etapas del Camino. Con 5 km restantes, se tom\u00f3 una foto en los campos antes de continuar.<\/p>\n\n\n\n<p class=\"wp-block-paragraph\">A 2 km de <strong><a href=\"https:\/\/caminodesantiagofrances.com\/en\/navarra\/los-arcos\/\" data-type=\"page\" data-id=\"11152\">Los Arcos<\/a><\/strong>, Jhonatan avanzaba con determinaci\u00f3n, disfrutando del cielo difuminado. Finalmente, lleg\u00f3 al pueblo de Los Arcos, encontrando queso y otros productos locales. Frente a la iglesia de Santa Mar\u00eda, una de las m\u00e1s destacadas de Navarra, Jhonatan explor\u00f3 el peque\u00f1o pueblo, buscando un restaurante o bar para cenar y prepararse para su s\u00e9ptima etapa del Camino, que lo llevar\u00eda a <strong><a href=\"https:\/\/caminodesantiagofrances.com\/en\/la-rioja\/logrono\/\" data-type=\"page\" data-id=\"11211\">Logro\u00f1o<\/a><\/strong>.<\/p>\n\n\n\n<hr class=\"wp-block-separator has-alpha-channel-opacity\"\/>\n\n\n\n<h4 class=\"wp-block-heading has-text-align-center\"><strong>\u00a1Buen Camino, peregrinos!<\/strong><\/h4>\n\n\n\n<hr class=\"wp-block-separator has-alpha-channel-opacity\"\/>\n\n\n<p><nav aria-label=\"breadcrumbs\" class=\"rank-math-breadcrumb\"><p><span class=\"last\">Camino de Santiago Franc\u00e9s<\/span><\/p><\/nav><\/p>\n\n\n\n<p class=\"has-text-align-center wp-block-paragraph\"><a href=\"https:\/\/www.youtube.com\/@JhonatanBarriosBustos\" rel=\"nofollow noopener\" target=\"_blank\"><\/a><\/p>\n\n\n\n<p class=\"wp-block-paragraph\"><a href=\"https:\/\/www.youtube.com\/@JhonatanBarriosBustos\" rel=\"nofollow noopener\" target=\"_blank\"><\/a><\/p>\n","protected":false},"excerpt":{"rendered":"<p>Video Etapa 6: Estella a Los Arcos | Camino Franc\u00e9s con Jhonatan Barrios Etapa 6: Estella a Los Arcos | Camino de Santiago Franc\u00e9s con Jhonatan Barrios Jhonatan Barrios comparte esta gu\u00eda detallada de la Etapa 6 del famoso Camino de Santiago Franc\u00e9s, que abarca el tramo desde Estella hasta Los Arcos, con una longitud [&hellip;]<\/p>\n","protected":false},"author":1,"featured_media":12914,"comment_status":"closed","ping_status":"closed","sticky":false,"template":"","format":"standard","meta":{"footnotes":""},"categories":[434],"tags":[689],"class_list":["post-12911","post","type-post","status-publish","format-standard","has-post-thumbnail","hentry","category-videos","tag-jhonatanbarrios"],"_links":{"self":[{"href":"https:\/\/caminodesantiagofrances.com\/en\/wp-json\/wp\/v2\/posts\/12911","targetHints":{"allow":["GET"]}}],"collection":[{"href":"https:\/\/caminodesantiagofrances.com\/en\/wp-json\/wp\/v2\/posts"}],"about":[{"href":"https:\/\/caminodesantiagofrances.com\/en\/wp-json\/wp\/v2\/types\/post"}],"author":[{"embeddable":true,"href":"https:\/\/caminodesantiagofrances.com\/en\/wp-json\/wp\/v2\/users\/1"}],"replies":[{"embeddable":true,"href":"https:\/\/caminodesantiagofrances.com\/en\/wp-json\/wp\/v2\/comments?post=12911"}],"version-history":[{"count":0,"href":"https:\/\/caminodesantiagofrances.com\/en\/wp-json\/wp\/v2\/posts\/12911\/revisions"}],"wp:featuredmedia":[{"embeddable":true,"href":"https:\/\/caminodesantiagofrances.com\/en\/wp-json\/wp\/v2\/media\/12914"}],"wp:attachment":[{"href":"https:\/\/caminodesantiagofrances.com\/en\/wp-json\/wp\/v2\/media?parent=12911"}],"wp:term":[{"taxonomy":"category","embeddable":true,"href":"https:\/\/caminodesantiagofrances.com\/en\/wp-json\/wp\/v2\/categories?post=12911"},{"taxonomy":"post_tag","embeddable":true,"href":"https:\/\/caminodesantiagofrances.com\/en\/wp-json\/wp\/v2\/tags?post=12911"}],"curies":[{"name":"wp","href":"https:\/\/api.w.org\/{rel}","templated":true}]}}