{"id":12915,"date":"2022-09-03T22:33:00","date_gmt":"2022-09-03T20:33:00","guid":{"rendered":"https:\/\/caminodesantiagofrances.com\/en\/?p=12915"},"modified":"2024-08-19T15:54:11","modified_gmt":"2024-08-19T13:54:11","slug":"video-etapa-7-los-arcos-a-logrono-con-jhonatan-barrios","status":"publish","type":"post","link":"https:\/\/caminodesantiagofrances.com\/en\/video-etapa-7-los-arcos-a-logrono-con-jhonatan-barrios\/","title":{"rendered":"Video Etapa 7: Los Arcos a Logro\u00f1o con Jhonatan Barrios"},"content":{"rendered":"\n<h2 class=\"wp-block-heading has-text-align-center\"><strong>Video Etapa 7: Los Arcos a Logro\u00f1o | Camino Franc\u00e9s con Jhonatan Barrios<\/strong><\/h2>\n\n\n\n<figure class=\"wp-block-embed aligncenter is-type-video is-provider-youtube wp-block-embed-youtube wp-embed-aspect-16-9 wp-has-aspect-ratio\"><div class=\"wp-block-embed__wrapper\">\n<div class=\"geodir-embed-container\"><iframe loading=\"lazy\" title=\"Etapa 7: Los Arcos a Logro\u00f1o | Camino Franc\u00e9s | Camino de Santiago\" width=\"920\" height=\"518\" src=\"https:\/\/www.youtube.com\/embed\/5IW1rG5MZPc?feature=oembed\" frameborder=\"0\" allow=\"accelerometer; autoplay; clipboard-write; encrypted-media; gyroscope; picture-in-picture; web-share\" referrerpolicy=\"strict-origin-when-cross-origin\" allowfullscreen><\/iframe><\/div>\n<\/div><\/figure>\n\n\n\n<h3 class=\"wp-block-heading has-text-align-center\"><strong>Etapa 7: Los Arcos a Logro\u00f1o | Camino de Santiago Franc\u00e9s con Jhonatan Barrios<\/strong><\/h3>\n\n\n\n<p class=\"wp-block-paragraph\"><strong>Jhonatan Barrios<\/strong> comparte hoy su experiencia en la Etapa 7 del <strong><a href=\"https:\/\/caminodesantiagofrances.com\/en\/\" data-type=\"page\" data-id=\"86\">Camino de Santiago Franc\u00e9s<\/a><\/strong>, que va desde <strong><a href=\"https:\/\/caminodesantiagofrances.com\/en\/navarra\/los-arcos\/\" data-type=\"page\" data-id=\"11152\">Los Arcos<\/a><\/strong> hasta <strong><a href=\"https:\/\/caminodesantiagofrances.com\/en\/la-rioja\/logrono\/\" data-type=\"page\" data-id=\"11211\">Logro\u00f1o<\/a><\/strong>, con un recorrido de 28 kil\u00f3metros. Realiz\u00f3 todo el trayecto entre el 26 de abril y el 26 de mayo de 2022.<\/p>\n\n\n\n<p class=\"wp-block-paragraph\">En el siguiente video, Jhonatan relata con detalle su traves\u00eda por esta ruta. Durante este recorrido, se descubren los encantadores pueblos que marcan esta etapa, adem\u00e1s de deleitarse con los hermosos paisajes llenos de campos y vi\u00f1edos. Esta etapa en particular fue sumamente especial para \u00e9l, ya que pudo alojarse en un acogedor albergue parroquial. La experiencia fue tan gratificante y significativa que marc\u00f3 un antes y un despu\u00e9s en su vida.<\/p>\n\n\n\n<p class=\"has-text-align-center wp-block-paragraph\"><strong>Etapa 7: Los Arcos a Logro\u00f1o con Jhonatan Barrios<\/strong><\/p>\n\n\n\n<p class=\"wp-block-paragraph\">Jhonatan Barrios sali\u00f3 del albergue en el que pas\u00f3 la noche en <strong><a href=\"https:\/\/caminodesantiagofrances.com\/en\/navarra\/los-arcos\/\" data-type=\"page\" data-id=\"11152\">Los Arcos<\/a><\/strong>, y se dirigi\u00f3 a <strong><a href=\"https:\/\/caminodesantiagofrances.com\/en\/la-rioja\/logrono\/\" data-type=\"page\" data-id=\"11211\">Logro\u00f1o<\/a><\/strong>. Eran las seis y media de la ma\u00f1ana y ten\u00eda por delante 28 kil\u00f3metros, seis m\u00e1s que el d\u00eda anterior. El cielo despejado indicaba que tendr\u00edan sol, por lo que decidi\u00f3 apurarse para evitar el calor. La temperatura era de 8 grados, pero esperaba que subiera conforme avanzara el d\u00eda. Se encamin\u00f3 hacia la salida de Los Arcos junto a otros <strong><a href=\"https:\/\/caminodesantiagofrances.com\/en\/peregrinos\/\" data-type=\"page\" data-id=\"5880\">peregrinos<\/a><\/strong>, disfrutando del paisaje verde t\u00edpico de abril y mayo, distinto al que se encuentra en julio y agosto.<\/p>\n\n\n\n<p class=\"wp-block-paragraph\">Al llegar a San Sol, Jhonatan dej\u00f3 atr\u00e1s Los Arcos. El sol les acompa\u00f1aba, y al entrar al pueblo, busc\u00f3 algo abierto para comer antes de continuar hacia <strong><a href=\"https:\/\/caminodesantiagofrances.com\/en\/navarra\/viana\/\" data-type=\"page\" data-id=\"11170\">Viana<\/a><\/strong>. Con el paisaje de campos y vi\u00f1edos, se dirigi\u00f3 hacia <strong><a href=\"https:\/\/caminodesantiagofrances.com\/en\/la-rioja\/logrono\/\" data-type=\"page\" data-id=\"11211\">Logro\u00f1o<\/a><\/strong>, a unos 20 km de distancia, pasando por la ermita del Pollo. Atraves\u00f3 <strong><a href=\"https:\/\/caminodesantiagofrances.com\/en\/navarra\/torres-del-rio\/\" data-type=\"page\" data-id=\"11163\">Torres del R\u00edo<\/a><\/strong>, donde cruz\u00f3 el r\u00edo Linares, recordado en el <strong><a href=\"https:\/\/caminodesantiagofrances.com\/en\/codice-calixtino\/\" data-type=\"page\" data-id=\"5722\">Codex Calixtinus<\/a><\/strong> por su agua mala en tiempos antiguos.<\/p>\n\n\n\n<p class=\"wp-block-paragraph\">En el bar de San Andr\u00e9s, Jhonatan disfrut\u00f3 de un buen desayuno y almuerzo antes de seguir hacia <strong><a href=\"https:\/\/caminodesantiagofrances.com\/en\/navarra\/viana\/\" data-type=\"page\" data-id=\"11170\">Viana<\/a><\/strong>. Se maravill\u00f3 ante la iglesia del Santo Sepulcro, de estilo rom\u00e1nico y con estructura octagonal similar a la del Santo Sepulcro de Jerusal\u00e9n. Encontr\u00f3 un oasis para los peregrinos, un lugar para descansar y apreciar la arquitectura.<\/p>\n\n\n\n<p class=\"wp-block-paragraph\">La ermita de la Virgen del Pollo, situada entre <strong><a href=\"https:\/\/caminodesantiagofrances.com\/en\/navarra\/torres-del-rio\/\" data-type=\"page\" data-id=\"11163\">Torres del R\u00edo<\/a><\/strong> y <strong><a href=\"https:\/\/caminodesantiagofrances.com\/en\/navarra\/viana\/\" data-type=\"page\" data-id=\"11170\">Viana<\/a><\/strong>, fue otra parada. Construida en el siglo 16, con reformas en el siglo 19, la ermita bendice al pueblo de Bargota y protege a los peregrinos. Dejando atr\u00e1s los campos y bosques, Jhonatan sigui\u00f3 su camino hasta entrar a La Rioja. A 13 km de Viana, pas\u00f3 por vi\u00f1edos y monta\u00f1as, disfrutando del paisaje.<\/p>\n\n\n\n<p class=\"wp-block-paragraph\">Finalmente, Jhonatan lleg\u00f3 a <strong><a href=\"https:\/\/caminodesantiagofrances.com\/en\/la-rioja\/logrono\/\" data-type=\"page\" data-id=\"11211\">Logro\u00f1o<\/a><\/strong>, cruzando el r\u00edo Ebro sobre un puente de piedra del siglo 11. Reflexion\u00f3 sobre la soledad y la necesidad de pertenencia, mientras se dirig\u00eda al albergue parroquial donde pasar\u00eda la noche. En Logro\u00f1o, visit\u00f3 el caf\u00e9 moderno y se reuni\u00f3 con otros peregrinos, disfrutando de una cena comunitaria. La jornada culmin\u00f3 con una misa, donde se recit\u00f3 la oraci\u00f3n de Santa Teresa de Jes\u00fas, &#8220;Nada te turbe, nada te espante, todo se pasa&#8221;. Esta experiencia le record\u00f3 que, aunque emprendi\u00f3 el camino solo, siempre se sentir\u00eda acompa\u00f1ado. Con esa reflexi\u00f3n, Jhonatan se prepar\u00f3 para dormir y estar listo para su octava etapa del Camino de Santiago.<\/p>\n\n\n\n<hr class=\"wp-block-separator has-alpha-channel-opacity\"\/>\n\n\n\n<h4 class=\"wp-block-heading has-text-align-center\"><strong>\u00a1Buen Camino, peregrinos!<\/strong><\/h4>\n\n\n\n<hr class=\"wp-block-separator has-alpha-channel-opacity\"\/>\n\n\n<p><nav aria-label=\"breadcrumbs\" class=\"rank-math-breadcrumb\"><p><span class=\"last\">Camino de Santiago Franc\u00e9s<\/span><\/p><\/nav><\/p>\n","protected":false},"excerpt":{"rendered":"<p>Video Etapa 7: Los Arcos a Logro\u00f1o | Camino Franc\u00e9s con Jhonatan Barrios Etapa 7: Los Arcos a Logro\u00f1o | Camino de Santiago Franc\u00e9s con Jhonatan Barrios Jhonatan Barrios comparte hoy su experiencia en la Etapa 7 del Camino de Santiago Franc\u00e9s, que va desde Los Arcos hasta Logro\u00f1o, con un recorrido de 28 kil\u00f3metros. [&hellip;]<\/p>\n","protected":false},"author":1,"featured_media":12919,"comment_status":"closed","ping_status":"closed","sticky":false,"template":"","format":"standard","meta":{"footnotes":""},"categories":[434],"tags":[689],"class_list":["post-12915","post","type-post","status-publish","format-standard","has-post-thumbnail","hentry","category-videos","tag-jhonatanbarrios"],"_links":{"self":[{"href":"https:\/\/caminodesantiagofrances.com\/en\/wp-json\/wp\/v2\/posts\/12915","targetHints":{"allow":["GET"]}}],"collection":[{"href":"https:\/\/caminodesantiagofrances.com\/en\/wp-json\/wp\/v2\/posts"}],"about":[{"href":"https:\/\/caminodesantiagofrances.com\/en\/wp-json\/wp\/v2\/types\/post"}],"author":[{"embeddable":true,"href":"https:\/\/caminodesantiagofrances.com\/en\/wp-json\/wp\/v2\/users\/1"}],"replies":[{"embeddable":true,"href":"https:\/\/caminodesantiagofrances.com\/en\/wp-json\/wp\/v2\/comments?post=12915"}],"version-history":[{"count":0,"href":"https:\/\/caminodesantiagofrances.com\/en\/wp-json\/wp\/v2\/posts\/12915\/revisions"}],"wp:featuredmedia":[{"embeddable":true,"href":"https:\/\/caminodesantiagofrances.com\/en\/wp-json\/wp\/v2\/media\/12919"}],"wp:attachment":[{"href":"https:\/\/caminodesantiagofrances.com\/en\/wp-json\/wp\/v2\/media?parent=12915"}],"wp:term":[{"taxonomy":"category","embeddable":true,"href":"https:\/\/caminodesantiagofrances.com\/en\/wp-json\/wp\/v2\/categories?post=12915"},{"taxonomy":"post_tag","embeddable":true,"href":"https:\/\/caminodesantiagofrances.com\/en\/wp-json\/wp\/v2\/tags?post=12915"}],"curies":[{"name":"wp","href":"https:\/\/api.w.org\/{rel}","templated":true}]}}