{"id":13102,"date":"2023-01-28T09:17:00","date_gmt":"2023-01-28T08:17:00","guid":{"rendered":"https:\/\/caminodesantiagofrances.com\/en\/?p=13102"},"modified":"2024-08-19T15:29:08","modified_gmt":"2024-08-19T13:29:08","slug":"video-etapa-27-samos-a-portomarin-con-jhonatan-barrios","status":"publish","type":"post","link":"https:\/\/caminodesantiagofrances.com\/en\/video-etapa-27-samos-a-portomarin-con-jhonatan-barrios\/","title":{"rendered":"Video Etapa 27: Samos a Portomar\u00edn con Jhonatan Barrios"},"content":{"rendered":"\n<h2 class=\"wp-block-heading has-text-align-center\">Video Etapa 27: Samos a Portomar\u00edn (pasando por Sarria) | Camino Franc\u00e9s con Jhonatan Barrios<\/h2>\n\n\n\n<figure class=\"wp-block-embed aligncenter is-type-video is-provider-youtube wp-block-embed-youtube wp-embed-aspect-16-9 wp-has-aspect-ratio\"><div class=\"wp-block-embed__wrapper\">\n<div class=\"geodir-embed-container\"><iframe loading=\"lazy\" title=\"Etapa 27: Samos a Portomar\u00edn (pasando por Sarria) | Camino Franc\u00e9s | Camino de Santiago\" width=\"920\" height=\"518\" src=\"https:\/\/www.youtube.com\/embed\/NOevanpTnXg?feature=oembed\" frameborder=\"0\" allow=\"accelerometer; autoplay; clipboard-write; encrypted-media; gyroscope; picture-in-picture; web-share\" referrerpolicy=\"strict-origin-when-cross-origin\" allowfullscreen><\/iframe><\/div>\n<\/div><\/figure>\n\n\n\n<h2 class=\"wp-block-heading has-text-align-center\">Video Etapa 27: Samos a Portomar\u00edn (pasando por Sarria) | Camino de Santiago Franc\u00e9s con Jhonatan Barrios<\/h2>\n\n\n\n<p class=\"wp-block-paragraph\">Jhonatan Barrios ofrece m\u00e1s detalles sobre la emocionante traves\u00eda en la Etapa 27 del Camino de Santiago, un recorrido desde <strong><a href=\"https:\/\/caminodesantiagofrances.com\/en\/provincia-de-lugo\/samos\/\" target=\"_blank\" data-type=\"page\" data-id=\"12121\" rel=\"noreferrer noopener\">Samos<\/a><\/strong> hasta <strong><a href=\"https:\/\/caminodesantiagofrances.com\/en\/provincia-de-lugo\/portomarin\/\" target=\"_blank\" data-type=\"page\" data-id=\"12192\" rel=\"noreferrer noopener\">Portomar\u00edn<\/a><\/strong>, cubriendo un total de 36 kil\u00f3metros. Esta etapa, completada a lo largo de un mes, desde el 26 de abril hasta el 26 de mayo del a\u00f1o 2022, dej\u00f3 una profunda impresi\u00f3n en \u00e9l.<\/p>\n\n\n\n<p class=\"wp-block-paragraph\">En su relato, Jhonatan comparte toda la experiencia vivida en este trayecto hacia <strong><a href=\"https:\/\/caminodesantiagofrances.com\/en\/provincia-de-lugo\/portomarin\/\" data-type=\"page\" data-id=\"12192\" target=\"_blank\" rel=\"noreferrer noopener\">Portomar\u00edn<\/a><\/strong>. Durante esta etapa, se maravill\u00f3 con los impresionantes paisajes que ofrece la regi\u00f3n de Galicia y aprovech\u00f3 para explorar la famosa Ciudad de <strong><a href=\"https:\/\/caminodesantiagofrances.com\/en\/provincia-de-lugo\/sarria\/\" target=\"_blank\" data-type=\"page\" data-id=\"12131\" rel=\"noreferrer noopener\">Sarria<\/a><\/strong>. Sin embargo, en <strong><a href=\"https:\/\/caminodesantiagofrances.com\/en\/provincia-de-lugo\/sarria\/\" data-type=\"page\" data-id=\"12131\" target=\"_blank\" rel=\"noreferrer noopener\">Sarria<\/a><\/strong>, se encontr\u00f3 con algunas personas denominadas &#8220;<strong>turigrinos<\/strong>&#8220;, un t\u00e9rmino que explica detalladamente en su video. Jhonatan se sorprendi\u00f3 al ver que la mayor\u00eda de los pueblos en el camino a <strong><a href=\"https:\/\/caminodesantiagofrances.com\/en\/provincia-de-lugo\/portomarin\/\" data-type=\"page\" data-id=\"12192\" target=\"_blank\" rel=\"noreferrer noopener\">Portomar\u00edn<\/a><\/strong> estaban bastante cerca unos de otros, lo que facilit\u00f3 el trayecto.<\/p>\n\n\n\n<p class=\"wp-block-paragraph\">Despu\u00e9s de caminar m\u00e1s de 36 kil\u00f3metros, Jhonatan finalmente lleg\u00f3 a Portomar\u00edn, un lugar que fue desplazado para evitar ser inundado por el R\u00edo Mi\u00f1o. En el albergue donde se aloj\u00f3, encontr\u00f3 un dormitorio tan peculiar que lo apod\u00f3 cari\u00f1osamente &#8220;La F\u00e1brica de Pollos&#8221;. Al final del d\u00eda, pudo relajarse y disfrutar de la hospitalidad de este encantador pueblo. Fue, sin duda, una experiencia inolvidable que Jhonatan est\u00e1 emocionado de compartir.<\/p>\n\n\n\n<h2 class=\"wp-block-heading has-text-align-center\">Etapa 27: Samos a Portomar\u00edn con Jhonatan Barrios<\/h2>\n\n\n\n<h3 class=\"wp-block-heading has-text-align-center\">Etapa 27 del Camino de Santiago: De Samos a Portomar\u00edn, una Jornada de Desaf\u00edos y Reflexiones<\/h3>\n\n\n\n<p class=\"wp-block-paragraph\">El <strong><a href=\"https:\/\/caminodesantiagofrances.com\/en\/\" target=\"_blank\" data-type=\"page\" data-id=\"86\" rel=\"noreferrer noopener\">Camino de Santiago Franc\u00e9s<\/a><\/strong> es una traves\u00eda espiritual, f\u00edsica y emocional que millones de peregrinos han recorrido a lo largo de los siglos. La etapa 27, que lleva a los <strong><a href=\"https:\/\/caminodesantiagofrances.com\/en\/peregrinos\/\" target=\"_blank\" data-type=\"page\" data-id=\"5880\" rel=\"noreferrer noopener\">peregrinos<\/a><\/strong> desde <strong><a href=\"https:\/\/caminodesantiagofrances.com\/en\/provincia-de-lugo\/samos\/\" data-type=\"page\" data-id=\"12121\" target=\"_blank\" rel=\"noreferrer noopener\">Samos<\/a><\/strong> hasta <strong><a href=\"https:\/\/caminodesantiagofrances.com\/en\/provincia-de-lugo\/portomarin\/\" data-type=\"page\" data-id=\"12192\" target=\"_blank\" rel=\"noreferrer noopener\">Portomar\u00edn<\/a><\/strong>, es una de las m\u00e1s significativas y desafiantes de esta ruta. Jhonatan Barrios, un peregrino comprometido con este viaje, comparte sus vivencias y reflexiones sobre esta etapa de 36 kil\u00f3metros, donde la resistencia f\u00edsica y el esp\u00edritu de superaci\u00f3n se ponen a prueba.<\/p>\n\n\n\n<h3 class=\"wp-block-heading has-text-align-center\">Salida de Samos: Un Comienzo Despejado pero Doloroso<\/h3>\n\n\n\n<h4 class=\"wp-block-heading has-text-align-center\">Un Cielo Despejado y una Mente Enfocada<\/h4>\n\n\n\n<p class=\"wp-block-paragraph\">A las 8:15 de la ma\u00f1ana, con el cielo despejado, Jhonatan Barrios se dispone a iniciar la etapa 27 del Camino de Santiago. Despu\u00e9s de haber pernoctado en un albergue junto al monasterio de Samos, comienza su jornada hacia Portomar\u00edn. El camino que se extiende ante \u00e9l no solo es una prueba f\u00edsica, sino tambi\u00e9n un desaf\u00edo mental y emocional, especialmente por el dolor que ha estado experimentando en su pie y tobillo desde hace varias etapas. Este dolor, que inicialmente parec\u00eda ser una molestia pasajera, se ha convertido en un compa\u00f1ero constante en su viaje.<\/p>\n\n\n\n<h4 class=\"wp-block-heading has-text-align-center\">La Lucha contra el Cansancio Acumulado<\/h4>\n\n\n\n<p class=\"wp-block-paragraph\">Con m\u00e1s de 600 kil\u00f3metros recorridos, el cansancio es palpable. Cada paso que da Jhonatan resuena con la fatiga acumulada de d\u00edas de caminata. Sin embargo, su determinaci\u00f3n lo impulsa a continuar. A pesar del agotamiento, se embarca en esta etapa de 36 kil\u00f3metros con la esperanza de llegar a Portomar\u00edn antes del anochecer. El dolor muscular y la fatiga mental son desaf\u00edos que pone a prueba su voluntad, pero \u00e9l sigue adelante, impulsado por el objetivo de llegar a Santiago de Compostela.<\/p>\n\n\n\n<h4 class=\"wp-block-heading has-text-align-center\">Una Pausa para Recuperarse: La Importancia de la Alimentaci\u00f3n y el Descanso<\/h4>\n\n\n\n<h5 class=\"wp-block-heading has-text-align-center\">Disfrutando de una Tortilla de Patatas en Afon de las Bodas<\/h5>\n\n\n\n<p class=\"wp-block-paragraph\">A mitad de camino, Jhonatan y su compa\u00f1ero de viaje deciden hacer una pausa para reponer energ\u00edas. En una peque\u00f1a pensi\u00f3n rural llamada Afon de las Bodas, disfrutan de una deliciosa tortilla de patatas. Para Fran, compa\u00f1ero de Jhonatan, esta tortilla es la mejor que ha probado en todo el Camino de Santiago, un alivio despu\u00e9s de haber experimentado una ins\u00edpida y congelada tortilla en <strong><a href=\"https:\/\/caminodesantiagofrances.com\/en\/provincia-de-leon\/trabadelo\/\" target=\"_blank\" data-type=\"page\" data-id=\"11830\" rel=\"noreferrer noopener\">Trabadelo<\/a><\/strong>. Este peque\u00f1o momento de descanso y disfrute gastron\u00f3mico les da la fuerza necesaria para continuar su jornada.<\/p>\n\n\n\n<h3 class=\"wp-block-heading has-text-align-center\">Reflexiones en el Camino: El Significado M\u00e1s Profundo del Viaje<\/h3>\n\n\n\n<p class=\"wp-block-paragraph\">Mientras contin\u00faan su camino, Jhonatan reflexiona sobre la met\u00e1fora de la vida y la muerte que el Camino de Santiago simboliza. Para \u00e9l, el camino no termina en Santiago; hay algo m\u00e1s all\u00e1, algo m\u00e1s profundo que trasciende el simple acto de caminar. Este pensamiento lo acompa\u00f1a mientras se acerca a Sarria, un lugar de gran relevancia en el Camino de Santiago.<\/p>\n\n\n\n<h3 class=\"wp-block-heading has-text-align-center\">Llegada a Sarria: Punto de Encuentro y Convergencia de Peregrinos<\/h3>\n\n\n\n<h4 class=\"wp-block-heading has-text-align-center\">Sarria: Un Cruce de Caminos y Culturas<\/h4>\n\n\n\n<p class=\"wp-block-paragraph\">Al llegar a Sarria, Jhonatan se da cuenta de la importancia de este lugar en el Camino de Santiago. Aunque no est\u00e1 mencionado en el <strong><a href=\"https:\/\/caminodesantiagofrances.com\/en\/codice-calixtino\/\" data-type=\"page\" data-id=\"5722\" target=\"_blank\" rel=\"noreferrer noopener\">C\u00f3dice Calixtino<\/a><\/strong>, <strong><a href=\"https:\/\/caminodesantiagofrances.com\/en\/provincia-de-lugo\/sarria\/\" data-type=\"page\" data-id=\"12131\">Sarria<\/a><\/strong> se ha convertido en un punto de partida para muchos <strong><a href=\"https:\/\/caminodesantiagofrances.com\/en\/peregrinos\/\" data-type=\"page\" data-id=\"5880\">peregrinos<\/a><\/strong> que buscan completar los \u00faltimos 100 kil\u00f3metros hasta la <strong><a href=\"https:\/\/caminodesantiagofrances.com\/en\/sitio\/catedral-de-santiago\/\" data-type=\"gd_place\" data-id=\"12591\">Catedral de Santiago<\/a><\/strong> en la ciudad de  <strong><a href=\"https:\/\/caminodesantiagofrances.com\/en\/provincia-a-coruna\/santiago-de-compostela\/\" data-type=\"page\" data-id=\"12306\" target=\"_blank\" rel=\"noreferrer noopener\">Santiago de Compostela<\/a><\/strong>, el requisito m\u00ednimo para obtener <strong><a href=\"https:\/\/caminodesantiagofrances.com\/en\/la-compostela\/\" data-type=\"page\" data-id=\"9243\">la Compostela<\/a><\/strong>. Aqu\u00ed, los caminos se cruzan: los peregrinos del <strong><a href=\"https:\/\/caminodesantiagofrances.com\/en\/\" data-type=\"page\" data-id=\"86\" target=\"_blank\" rel=\"noreferrer noopener\">Camino de Santiago Franc\u00e9s<\/a><\/strong> se encuentran con aquellos que vienen del Camino del Norte, creando una convergencia de culturas y experiencias.<\/p>\n\n\n\n<h4 class=\"wp-block-heading has-text-align-center\">El Fen\u00f3meno de los \u201cTurigrinos\u201d<\/h4>\n\n\n\n<p class=\"wp-block-paragraph\">En Sarria, Jhonatan observa una nueva din\u00e1mica entre los <strong><a href=\"https:\/\/caminodesantiagofrances.com\/en\/peregrinos\/\" data-type=\"page\" data-id=\"5880\">peregrinos<\/a><\/strong>. Empieza a escuchar el t\u00e9rmino \u201cturigrino\u201d, una mezcla de turista y peregrino. Este t\u00e9rmino se refiere a aquellos que recorren el Camino de Santiago sin llevar una mochila, caminando pocos kil\u00f3metros o pagando un paquete tur\u00edstico para realizar el viaje en grupo. Sin embargo, el t\u00e9rmino tiene una connotaci\u00f3n m\u00e1s profunda: los turisgrinos son aquellos que, seg\u00fan el argot del Camino, realizan la peregrinaci\u00f3n sin comprender su verdadero significado. No muestran respeto por la hospitalidad de quienes los reciben, ni por la solidaridad y el compa\u00f1erismo que se desarrollan entre los verdaderos peregrinos.<\/p>\n\n\n\n<h3 class=\"wp-block-heading has-text-align-center\">Portomar\u00edn: Historia y Renacimiento a Orillas del Mi\u00f1o<\/h3>\n\n\n\n<h4 class=\"wp-block-heading has-text-align-center\">El Antiguo y el Nuevo Portomar\u00edn<\/h4>\n\n\n\n<p class=\"wp-block-paragraph\">Despu\u00e9s de un arduo recorrido, Jhonatan llega a <strong><a href=\"https:\/\/caminodesantiagofrances.com\/en\/provincia-de-lugo\/portomarin\/\" target=\"_blank\" data-type=\"page\" data-id=\"12192\" rel=\"noreferrer noopener\">Portomar\u00edn<\/a><\/strong>, un lugar cargado de historia y simbolismo. Este pueblo, originalmente situado a orillas del <strong>r\u00edo Mi\u00f1o<\/strong>, fue trasladado piedra por piedra a su ubicaci\u00f3n actual en el Monte de Cristo en la d\u00e9cada de 1960, cuando la construcci\u00f3n de una presa y un embalse amenaz\u00f3 con inundar la antigua localidad. Entre los edificios que fueron rescatados se encuentra el antiguo templo rom\u00e1nico de San Juan, del siglo XII, que fue reconstruido y rebautizado como <strong>la iglesia de San Nicol\u00e1s<\/strong>.<\/p>\n\n\n\n<h4 class=\"wp-block-heading has-text-align-center\">El Ascenso a Portomar\u00edn: Un Desaf\u00edo Final<\/h4>\n\n\n\n<p class=\"wp-block-paragraph\">Para entrar en <strong><a href=\"https:\/\/caminodesantiagofrances.com\/en\/provincia-de-lugo\/portomarin\/\" data-type=\"page\" data-id=\"12192\" target=\"_blank\" rel=\"noreferrer noopener\">Portomar\u00edn<\/a><\/strong>, Jhonatan debe ascender por las famosas escalinatas sobre los arcos del viejo puente medieval. Este \u00faltimo esfuerzo del d\u00eda es un recordatorio del esfuerzo constante que exige el Camino de Santiago. A medida que sube, reflexiona sobre los desaf\u00edos que ha enfrentado y c\u00f3mo cada paso lo ha acercado no solo a su destino, sino tambi\u00e9n a un mayor entendimiento de s\u00ed mismo y del prop\u00f3sito de su peregrinaci\u00f3n.<\/p>\n\n\n\n<h4 class=\"wp-block-heading has-text-align-center\">Descanso en la &#8220;F\u00e1brica de Pollos&#8221;<\/h4>\n\n\n\n<p class=\"wp-block-paragraph\">Finalmente, Jhonatan llega al albergue de <strong><a href=\"https:\/\/caminodesantiagofrances.com\/en\/provincia-de-lugo\/portomarin\/\" data-type=\"page\" data-id=\"12192\" target=\"_blank\" rel=\"noreferrer noopener\">Portomar\u00edn<\/a><\/strong>, donde pasar\u00e1 la noche. Este albergue, conocido entre los peregrinos como la &#8220;f\u00e1brica de pollos&#8221; debido a la disposici\u00f3n de sus literas en filas apretadas, ofrece una experiencia \u00fanica. A pesar de las condiciones, Jhonatan y su compa\u00f1ero deciden disfrutar de una buena cena de mariscos y una cerveza, sabiendo que el descanso es crucial para enfrentar la siguiente etapa del Camino. La noche en este albergue es una oportunidad para reflexionar sobre lo vivido y prepararse mental y f\u00edsicamente para los retos que a\u00fan quedan por delante.<\/p>\n\n\n\n<h3 class=\"wp-block-heading has-text-align-center\">Reflexiones Finales de la Etapa 27 del Camino Franc\u00e9s: El Camino es la Meta<\/h3>\n\n\n\n<h4 class=\"wp-block-heading has-text-align-center\">El Verdadero Esp\u00edritu del Peregrino<\/h4>\n\n\n\n<p class=\"wp-block-paragraph\">A lo largo de esta etapa, Jhonatan ha experimentado no solo el desaf\u00edo f\u00edsico del Camino de Santiago, sino tambi\u00e9n su profundo significado espiritual. El dolor, el cansancio, las peque\u00f1as alegr\u00edas y los momentos de reflexi\u00f3n son todos parte de una experiencia transformadora que va m\u00e1s all\u00e1 de simplemente llegar a Santiago. En cada paso, Jhonatan ha aprendido que el Camino de Santiago es mucho m\u00e1s que una ruta f\u00edsica; es un viaje hacia el autoconocimiento, la superaci\u00f3n personal y el entendimiento del verdadero esp\u00edritu del peregrino.<\/p>\n\n\n\n<h4 class=\"wp-block-heading has-text-align-center\">El Camino de Santiago: M\u00e1s que un Destino, un Proceso<\/h4>\n\n\n\n<p class=\"wp-block-paragraph\">Al concluir su jornada en Portomar\u00edn, Jhonatan comprende que el Camino de Santiago no es solo un destino, sino un proceso continuo de crecimiento y aprendizaje. La diferencia entre un turista y un peregrino, entre simplemente &#8220;pisar el camino&#8221; y &#8220;entrar en el camino&#8221;, radica en la actitud con la que se afronta cada etapa. Como dice una frase que Jhonatan ley\u00f3 en un albergue: <\/p>\n\n\n\n<blockquote class=\"wp-block-quote\">\n<p class=\"wp-block-paragraph\">&#8220;Hay dos tipos de peregrinos: el que pisa el camino y el que entra en el camino&#8221;.<\/p>\n<\/blockquote>\n\n\n\n<p class=\"wp-block-paragraph\">Este entendimiento es lo que convierte a cada etapa del Camino en una experiencia \u00fanica e inolvidable.<\/p>\n\n\n\n<p class=\"wp-block-paragraph\">El Camino de Santiago, y en particular la etapa de <strong><a href=\"https:\/\/caminodesantiagofrances.com\/en\/provincia-de-lugo\/samos\/\" data-type=\"page\" data-id=\"12121\" target=\"_blank\" rel=\"noreferrer noopener\">Samos<\/a><\/strong> a <strong><a href=\"https:\/\/caminodesantiagofrances.com\/en\/provincia-de-lugo\/portomarin\/\" data-type=\"page\" data-id=\"12192\" target=\"_blank\" rel=\"noreferrer noopener\">Portomar\u00edn<\/a><\/strong>, es una met\u00e1fora de la vida misma. Cada paso, cada desaf\u00edo, y cada reflexi\u00f3n forman parte de un viaje m\u00e1s amplio hacia la realizaci\u00f3n personal y espiritual. A trav\u00e9s de su experiencia, Jhonatan Barrios nos muestra que el verdadero valor del Camino no reside en llegar al final, sino en el viaje en s\u00ed y en las lecciones que se aprenden a lo largo del camino.<\/p>\n\n\n\n<hr class=\"wp-block-separator has-alpha-channel-opacity\"\/>\n\n\n\n<h4 class=\"wp-block-heading has-text-align-center\"><strong>\u00a1Buen Camino, peregrinos!<\/strong><\/h4>\n\n\n\n<hr class=\"wp-block-separator has-alpha-channel-opacity\"\/>\n\n\n<p><nav aria-label=\"breadcrumbs\" class=\"rank-math-breadcrumb\"><p><span class=\"last\">Camino de Santiago Franc\u00e9s<\/span><\/p><\/nav><\/p>\n\n\n\n<p class=\"wp-block-paragraph\"><a href=\"https:\/\/www.youtube.com\/@JhonatanBarriosBustos\" rel=\"nofollow noopener\" target=\"_blank\"><\/a><a href=\"https:\/\/www.youtube.com\/@JhonatanBarriosBustos\" rel=\"nofollow noopener\" target=\"_blank\"><\/a><\/p>\n","protected":false},"excerpt":{"rendered":"<p>Video Etapa 27: Samos a Portomar\u00edn (pasando por Sarria) | Camino Franc\u00e9s con Jhonatan Barrios Video Etapa 27: Samos a Portomar\u00edn (pasando por Sarria) | Camino de Santiago Franc\u00e9s con Jhonatan Barrios Jhonatan Barrios ofrece m\u00e1s detalles sobre la emocionante traves\u00eda en la Etapa 27 del Camino de Santiago, un recorrido desde Samos hasta Portomar\u00edn, [&hellip;]<\/p>\n","protected":false},"author":1,"featured_media":13105,"comment_status":"closed","ping_status":"closed","sticky":false,"template":"","format":"standard","meta":{"footnotes":""},"categories":[434],"tags":[689],"class_list":["post-13102","post","type-post","status-publish","format-standard","has-post-thumbnail","hentry","category-videos","tag-jhonatanbarrios"],"_links":{"self":[{"href":"https:\/\/caminodesantiagofrances.com\/en\/wp-json\/wp\/v2\/posts\/13102","targetHints":{"allow":["GET"]}}],"collection":[{"href":"https:\/\/caminodesantiagofrances.com\/en\/wp-json\/wp\/v2\/posts"}],"about":[{"href":"https:\/\/caminodesantiagofrances.com\/en\/wp-json\/wp\/v2\/types\/post"}],"author":[{"embeddable":true,"href":"https:\/\/caminodesantiagofrances.com\/en\/wp-json\/wp\/v2\/users\/1"}],"replies":[{"embeddable":true,"href":"https:\/\/caminodesantiagofrances.com\/en\/wp-json\/wp\/v2\/comments?post=13102"}],"version-history":[{"count":0,"href":"https:\/\/caminodesantiagofrances.com\/en\/wp-json\/wp\/v2\/posts\/13102\/revisions"}],"wp:featuredmedia":[{"embeddable":true,"href":"https:\/\/caminodesantiagofrances.com\/en\/wp-json\/wp\/v2\/media\/13105"}],"wp:attachment":[{"href":"https:\/\/caminodesantiagofrances.com\/en\/wp-json\/wp\/v2\/media?parent=13102"}],"wp:term":[{"taxonomy":"category","embeddable":true,"href":"https:\/\/caminodesantiagofrances.com\/en\/wp-json\/wp\/v2\/categories?post=13102"},{"taxonomy":"post_tag","embeddable":true,"href":"https:\/\/caminodesantiagofrances.com\/en\/wp-json\/wp\/v2\/tags?post=13102"}],"curies":[{"name":"wp","href":"https:\/\/api.w.org\/{rel}","templated":true}]}}