{"id":14363,"date":"2025-01-29T14:58:02","date_gmt":"2025-01-29T13:58:02","guid":{"rendered":"https:\/\/caminodesantiagofrances.com\/en\/?p=14363"},"modified":"2025-01-29T15:07:42","modified_gmt":"2025-01-29T14:07:42","slug":"rehabilitara-el-albergue-municipal-de-peregrinos-de-mansilla-de-las-mulas","status":"publish","type":"post","link":"https:\/\/caminodesantiagofrances.com\/en\/rehabilitara-el-albergue-municipal-de-peregrinos-de-mansilla-de-las-mulas\/","title":{"rendered":"Rehabilitar\u00e1 el albergue municipal de peregrinos de Mansilla de las Mulas"},"content":{"rendered":"\n<p class=\"wp-block-paragraph\">El pueblo leon\u00e9s de <strong><a href=\"https:\/\/caminodesantiagofrances.com\/en\/provincia-de-leon\/mansilla-de-las-mulas\/\" data-type=\"page\" data-id=\"11583\" target=\"_blank\" rel=\"noreferrer noopener\">Mansilla de las Mulas<\/a><\/strong> finalmente podr\u00e1 recuperar su albergue municipal de peregrinos, cerrado hace seis a\u00f1os, gracias a un ambicioso proyecto de rehabilitaci\u00f3n que ya est\u00e1 en marcha. Este emblem\u00e1tico edificio, que se encuentra situado en pleno <strong><a href=\"https:\/\/caminodesantiagofrances.com\/en\/\" data-type=\"page\" data-id=\"86\" target=\"_blank\" rel=\"noreferrer noopener\">Camino de Santiago Franc\u00e9s<\/a><\/strong>, ser\u00e1 renovado por completo con una inversi\u00f3n de 569.008 euros, con el objetivo de modernizar sus instalaciones y dar una nueva vida a este espacio tan frecuentado por los <a href=\"https:\/\/caminodesantiagofrances.com\/en\/peregrinos\/\" data-type=\"page\" data-id=\"5880\">peregrinos<\/a> que recorren la conocida ruta jacobea.<\/p>\n\n\n\n<p class=\"wp-block-paragraph\">El contrato para llevar a cabo los trabajos de rehabilitaci\u00f3n fue adjudicado en septiembre de 2021, y las obras est\u00e1n previstas para un plazo m\u00e1ximo de ejecuci\u00f3n de 12 meses. El edificio, que se encuentra ubicado entre las calles Puente y Mesones, se someter\u00e1 a una importante transformaci\u00f3n que respetar\u00e1 al m\u00e1ximo su estructura original, compuesta por dos vol\u00famenes diferenciados situados alrededor de un patio central. Adem\u00e1s, el proyecto incluye una ampliaci\u00f3n de la superficie total construida, pasando de los 596 metros cuadrados actuales a los 628 metros cuadrados que tendr\u00e1 una vez finalizadas las reformas.<\/p>\n\n\n\n<figure class=\"wp-block-image aligncenter size-full\"><a href=\"https:\/\/caminodesantiagofrances.com\/en\/provincia-de-leon\/mansilla-de-las-mulas\/\" target=\"_blank\" rel=\" noreferrer noopener\"><img loading=\"lazy\" decoding=\"async\" width=\"600\" height=\"315\" src=\"https:\/\/caminodesantiagofrances.com\/en\/wp-content\/uploads\/sites\/3\/2024\/02\/Mansilla-de-las-Mulas-Camino-de-Santiago-Frances.jpg\" alt=\"\" class=\"wp-image-11586\" srcset=\"https:\/\/caminodesantiagofrances.com\/en\/wp-content\/uploads\/sites\/3\/2024\/02\/Mansilla-de-las-Mulas-Camino-de-Santiago-Frances.jpg 600w, https:\/\/caminodesantiagofrances.com\/en\/wp-content\/uploads\/sites\/3\/2024\/02\/Mansilla-de-las-Mulas-Camino-de-Santiago-Frances-300x158.jpg 300w\" sizes=\"auto, (max-width: 600px) 100vw, 600px\" \/><\/a><figcaption class=\"wp-element-caption\"><strong><a href=\"https:\/\/caminodesantiagofrances.com\/en\/provincia-de-leon\/mansilla-de-las-mulas\/\" target=\"_blank\" data-type=\"page\" data-id=\"11583\" rel=\"noreferrer noopener\">Mansilla de las Mulas<\/a><\/strong><\/figcaption><\/figure>\n\n\n\n<p class=\"wp-block-paragraph\">El dise\u00f1o renovado del albergue no solo conservar\u00e1 su esp\u00edritu original, sino que tambi\u00e9n incorporar\u00e1 mejoras importantes para incrementar la comodidad y funcionalidad del espacio. Entre las novedades que se incluir\u00e1n destacan nuevos aseos, una recepci\u00f3n m\u00e1s moderna, un sal\u00f3n comunitario, un vest\u00edbulo de entrada, un \u00e1rea de lavander\u00eda, acceso para bicicletas, dormitorios m\u00e1s amplios y una galer\u00eda renovada. Esta \u00faltima, situada en la planta superior y con vistas hacia el patio central, ser\u00e1 acondicionada especialmente para que los peregrinos puedan disfrutar de un espacio tranquilo dedicado a la lectura o al descanso, recuperando as\u00ed uno de los elementos m\u00e1s valorados del edificio pero que se hab\u00eda perdido en anteriores remodelaciones.<\/p>\n\n\n\n<p class=\"wp-block-paragraph\">Mientras se completa la rehabilitaci\u00f3n, el Ayuntamiento adopt\u00f3 medidas para suplir la ausencia del albergue. En 2024, se habilit\u00f3 de manera provisional un espacio alternativo ubicado en la avenida Picos de Europa, una soluci\u00f3n temporal que ha servido para atender la demanda de los numerosos peregrinos que visitan esta localidad durante todo el a\u00f1o. Sin embargo, la apertura del renovado albergue supone una oportunidad para ofrecer un servicio mucho m\u00e1s amplio y de mayor calidad, as\u00ed como para devolverle a Mansilla de las Mulas uno de sus edificios m\u00e1s significativos.<\/p>\n\n\n\n<p class=\"wp-block-paragraph\">Este proyecto no solo pone en valor el patrimonio arquitect\u00f3nico de la localidad, sino que tambi\u00e9n reafirma la importancia de Mantilla de las Mulas como punto estrat\u00e9gico en el recorrido del Camino de Santiago. La rehabilitaci\u00f3n contar\u00e1, asimismo, con la autorizaci\u00f3n de la Comisi\u00f3n Territorial de Patrimonio Cultural de Le\u00f3n, debido a la ubicaci\u00f3n del inmueble en una zona de especial inter\u00e9s hist\u00f3rico y cultural.<\/p>\n\n\n\n<hr class=\"wp-block-separator has-alpha-channel-opacity\"\/>\n\n\n\n<div class=\"wp-block-buttons\">\n<div class=\"wp-block-button\"><a class=\"wp-block-button__link has-vivid-cyan-blue-background-color has-background has-text-align-center wp-element-button\" href=\"https:\/\/caminodesantiagofrances.com\/en\/provincia-de-leon\/albergues\/\" target=\"_blank\" rel=\"noreferrer noopener\">Albergues Provincia de Le\u00f3n<\/a><\/div>\n<\/div>\n\n\n\n<hr class=\"wp-block-separator has-alpha-channel-opacity\"\/>\n\n\n<p><nav aria-label=\"breadcrumbs\" class=\"rank-math-breadcrumb\"><p><span class=\"last\">Camino de Santiago Franc\u00e9s<\/span><\/p><\/nav><\/p>\n","protected":false},"excerpt":{"rendered":"<p>El pueblo leon\u00e9s de Mansilla de las Mulas finalmente podr\u00e1 recuperar su albergue municipal de peregrinos, cerrado hace seis a\u00f1os, gracias a un ambicioso proyecto de rehabilitaci\u00f3n que ya est\u00e1 en marcha. Este emblem\u00e1tico edificio, que se encuentra situado en pleno Camino de Santiago Franc\u00e9s, ser\u00e1 renovado por completo con una inversi\u00f3n de 569.008 euros, [&hellip;]<\/p>\n","protected":false},"author":1,"featured_media":14364,"comment_status":"closed","ping_status":"closed","sticky":false,"template":"","format":"standard","meta":{"footnotes":""},"categories":[687],"tags":[],"class_list":["post-14363","post","type-post","status-publish","format-standard","has-post-thumbnail","hentry","category-actualidades"],"_links":{"self":[{"href":"https:\/\/caminodesantiagofrances.com\/en\/wp-json\/wp\/v2\/posts\/14363","targetHints":{"allow":["GET"]}}],"collection":[{"href":"https:\/\/caminodesantiagofrances.com\/en\/wp-json\/wp\/v2\/posts"}],"about":[{"href":"https:\/\/caminodesantiagofrances.com\/en\/wp-json\/wp\/v2\/types\/post"}],"author":[{"embeddable":true,"href":"https:\/\/caminodesantiagofrances.com\/en\/wp-json\/wp\/v2\/users\/1"}],"replies":[{"embeddable":true,"href":"https:\/\/caminodesantiagofrances.com\/en\/wp-json\/wp\/v2\/comments?post=14363"}],"version-history":[{"count":0,"href":"https:\/\/caminodesantiagofrances.com\/en\/wp-json\/wp\/v2\/posts\/14363\/revisions"}],"wp:featuredmedia":[{"embeddable":true,"href":"https:\/\/caminodesantiagofrances.com\/en\/wp-json\/wp\/v2\/media\/14364"}],"wp:attachment":[{"href":"https:\/\/caminodesantiagofrances.com\/en\/wp-json\/wp\/v2\/media?parent=14363"}],"wp:term":[{"taxonomy":"category","embeddable":true,"href":"https:\/\/caminodesantiagofrances.com\/en\/wp-json\/wp\/v2\/categories?post=14363"},{"taxonomy":"post_tag","embeddable":true,"href":"https:\/\/caminodesantiagofrances.com\/en\/wp-json\/wp\/v2\/tags?post=14363"}],"curies":[{"name":"wp","href":"https:\/\/api.w.org\/{rel}","templated":true}]}}