{"id":16092,"date":"2025-08-18T11:56:49","date_gmt":"2025-08-18T09:56:49","guid":{"rendered":"https:\/\/caminodesantiagofrances.com\/en\/?p=16092"},"modified":"2025-08-18T12:48:35","modified_gmt":"2025-08-18T10:48:35","slug":"proteccion-civil-pide-detener-el-camino-de-santiago-en-leon-por-incendios-forestales","status":"publish","type":"post","link":"https:\/\/caminodesantiagofrances.com\/en\/proteccion-civil-pide-detener-el-camino-de-santiago-en-leon-por-incendios-forestales\/","title":{"rendered":"Protecci\u00f3n Civil pide detener el Camino de Santiago en Le\u00f3n por incendios forestales"},"content":{"rendered":"\n<h2 class=\"wp-block-heading has-text-align-center\">Incendios forestales en Le\u00f3n: advertencia a los peregrinos del Camino de Santiago<\/h2>\n\n\n\n<p class=\"wp-block-paragraph\">La <strong>Agencia de Protecci\u00f3n Civil y Emergencias de Castilla y Le\u00f3n<\/strong> ha emitido una alerta urgente dirigida a los miles de peregrinos que actualmente recorren el <strong>Camino de Santiago<\/strong>. El organismo solicita la <strong>suspensi\u00f3n inmediata del trayecto en la Provincia de Le\u00f3n<\/strong>, debido a la grave situaci\u00f3n provocada por los incendios forestales que se mantienen activos en diferentes puntos del territorio.<\/p>\n\n\n\n<p class=\"wp-block-paragraph\">El aviso recalca de manera especial el peligro existente en el tramo que conecta <strong><strong><a href=\"https:\/\/caminodesantiagofrances.com\/en\/provincia-de-leon\/astorga\/\" data-type=\"page\" data-id=\"11695\" target=\"_blank\" rel=\"noreferrer noopener\">Astorga<\/a><\/strong>, <strong><a href=\"https:\/\/caminodesantiagofrances.com\/en\/provincia-de-leon\/ponferrada\/\" data-type=\"page\" data-id=\"11776\">Ponferrada<\/a><\/strong><\/strong> <strong>y Bembibre<\/strong>, donde los fuegos han generado un entorno de alto riesgo no solo por las llamas, sino tambi\u00e9n por la presencia de humo y part\u00edculas contaminantes en el aire.<\/p>\n\n\n\n<h2 class=\"wp-block-heading has-text-align-center\">Zonas cr\u00edticas del Camino de Santiago afectadas por los incendios<\/h2>\n\n\n\n<p class=\"wp-block-paragraph\">Los incendios que avanzan en la <strong><a href=\"https:\/\/caminodesantiagofrances.com\/en\/provincia-de-leon\/\" data-type=\"page\" data-id=\"6006\">Provincia de Le\u00f3n<\/a><\/strong> obligan a extremar las precauciones en varios puntos estrat\u00e9gicos de la ruta jacobea. Las autoridades destacan los siguientes focos principales:<\/p>\n\n\n\n<ul class=\"wp-block-list\">\n<li><strong><a href=\"https:\/\/caminodesantiagofrances.com\/en\/provincia-de-leon\/astorga\/\" target=\"_blank\" data-type=\"page\" data-id=\"11695\" rel=\"noreferrer noopener\">Astorga<\/a> \u2013 <a href=\"https:\/\/caminodesantiagofrances.com\/en\/provincia-de-leon\/ponferrada\/\" data-type=\"page\" data-id=\"11776\">Ponferrada<\/a><\/strong>: uno de los tramos m\u00e1s transitados, actualmente expuesto a la propagaci\u00f3n del fuego.<\/li>\n\n\n\n<li><strong>Ponferrada \u2013 Bembibre<\/strong>: \u00e1rea bajo alerta por la proximidad de varios frentes activos.<\/li>\n\n\n\n<li><strong>Provincia de Zamora y Salamanca<\/strong>: igualmente afectadas por la contaminaci\u00f3n atmosf\u00e9rica derivada del humo.<\/li>\n<\/ul>\n\n\n\n<p class=\"wp-block-paragraph\">El peligro no se limita a las llamas, sino que se agrava con la <strong>calidad del aire deteriorada<\/strong> en gran parte del noroeste peninsular, que se extiende incluso hacia Galicia y el norte de Portugal.<\/p>\n\n\n\n<h2 class=\"wp-block-heading\">Consecuencias para los peregrinos y residentes<\/h2>\n\n\n\n<p class=\"wp-block-paragraph\">La situaci\u00f3n compromete tanto a los <strong><a href=\"https:\/\/caminodesantiagofrances.com\/en\/peregrinos\/\" data-type=\"page\" data-id=\"5880\" target=\"_blank\" rel=\"noreferrer noopener\">peregrinos<\/a><\/strong> y viajeros como a las comunidades locales:<\/p>\n\n\n\n<ul class=\"wp-block-list\">\n<li><strong>Riesgo vital directo<\/strong>: posibles atrapamientos, intoxicaci\u00f3n por humo y exposici\u00f3n a altas temperaturas.<\/li>\n\n\n\n<li><strong>Aire contaminado<\/strong>: part\u00edculas en suspensi\u00f3n que afectan especialmente a personas con problemas respiratorios, ni\u00f1os y mayores.<\/li>\n\n\n\n<li><strong>Interrupci\u00f3n de rutas<\/strong>: suspensi\u00f3n de alojamientos rurales y limitaci\u00f3n de servicios en municipios cercanos a los incendios.<\/li>\n\n\n\n<li><strong>Impacto ambiental<\/strong>: p\u00e9rdida de biodiversidad y deterioro de paisajes hist\u00f3ricos del Camino de Santiago.<\/li>\n<\/ul>\n\n\n\n<h2 class=\"wp-block-heading has-text-align-center\">Recomendaciones oficiales para quienes recorren el Camino<\/h2>\n\n\n\n<p class=\"wp-block-paragraph\">Las autoridades recomiendan a todos los <strong><a href=\"https:\/\/caminodesantiagofrances.com\/en\/peregrinos\/\" data-type=\"page\" data-id=\"5880\" target=\"_blank\" rel=\"noreferrer noopener\">peregrinos<\/a><\/strong> y viajeros que sigan estrictamente estas medidas preventivas:<\/p>\n\n\n\n<ol class=\"wp-block-list\">\n<li><strong>Suspender el recorrido en Le\u00f3n<\/strong> hasta nuevo aviso.<\/li>\n\n\n\n<li><strong>Atender a las indicaciones oficiales<\/strong> difundidas por Protecci\u00f3n Civil y cuerpos de seguridad.<\/li>\n\n\n\n<li><strong>Evitar la exposici\u00f3n prolongada al aire libre<\/strong>, en especial en las provincias de Le\u00f3n, Zamora y Salamanca.<\/li>\n\n\n\n<li><strong>Usar mascarillas FFP2<\/strong> para minimizar la inhalaci\u00f3n de part\u00edculas contaminantes.<\/li>\n\n\n\n<li><strong>Revisar rutas alternativas<\/strong> seguras proporcionadas por los centros de informaci\u00f3n jacobea.<\/li>\n<\/ol>\n\n\n\n<blockquote class=\"twitter-tweet\"><p lang=\"es\" dir=\"ltr\">\ud83d\udea8Aviso de Agencia de Protecci\u00f3n Civil y Emergencias de <a href=\"https:\/\/twitter.com\/jcyl?ref_src=twsrc%5Etfw\" rel=\"nofollow noopener\" target=\"_blank\">@jcyl<\/a><br>A todos los peregrinos que realizan el <a href=\"https:\/\/twitter.com\/hashtag\/CaminoDeSantiago?src=hash&amp;ref_src=twsrc%5Etfw\" rel=\"nofollow noopener\" target=\"_blank\">#CaminoDeSantiago<\/a> \ud83d\udeb5\u200d\u2640\ufe0f\ud83d\udeb6\u200d\u2642\ufe0fa su paso por el sector <a href=\"https:\/\/twitter.com\/hashtag\/Astorga?src=hash&amp;ref_src=twsrc%5Etfw\" rel=\"nofollow noopener\" target=\"_blank\">#Astorga<\/a> <a href=\"https:\/\/twitter.com\/hashtag\/Ponferrada?src=hash&amp;ref_src=twsrc%5Etfw\" rel=\"nofollow noopener\" target=\"_blank\">#Ponferrada<\/a> <a href=\"https:\/\/twitter.com\/hashtag\/Bembibre?src=hash&amp;ref_src=twsrc%5Etfw\" rel=\"nofollow noopener\" target=\"_blank\">#Bembibre<\/a> <a href=\"https:\/\/twitter.com\/hashtag\/Bierzo?src=hash&amp;ref_src=twsrc%5Etfw\" rel=\"nofollow noopener\" target=\"_blank\">#Bierzo<\/a> <br>\ud83d\udeabNO CONTIN\u00daE LA RUTA <br>\ud83d\udc49Siga instrucciones de autoridades<\/p>&mdash; 112 Castilla y Le\u00f3n (@112cyl) <a href=\"https:\/\/twitter.com\/112cyl\/status\/1957099323218370618?ref_src=twsrc%5Etfw\" rel=\"nofollow noopener\" target=\"_blank\">August 17, 2025<\/a><\/blockquote> <script async src=\"https:\/\/platform.twitter.com\/widgets.js\" charset=\"utf-8\"><\/script>\n\n\n\n<h3 class=\"wp-block-heading has-text-align-center\">Calidad del aire: impacto del humo en la regi\u00f3n<\/h3>\n\n\n\n<p class=\"wp-block-paragraph\">Los incendios no solo afectan a Castilla y Le\u00f3n. El humo ha cruzado fronteras regionales y nacionales, impactando en:<\/p>\n\n\n\n<ul class=\"wp-block-list\">\n<li><strong>Galicia<\/strong>: zonas del interior con niveles de contaminaci\u00f3n elevados.<\/li>\n\n\n\n<li><strong>Castilla y Le\u00f3n<\/strong>: provincias de Le\u00f3n, Zamora y Salamanca en estado cr\u00edtico.<\/li>\n\n\n\n<li><strong>Norte de Portugal<\/strong>: comunidades afectadas por la propagaci\u00f3n de part\u00edculas.<\/li>\n<\/ul>\n\n\n\n<p class=\"wp-block-paragraph\">El fen\u00f3meno est\u00e1 generando una nube t\u00f3xica que, seg\u00fan los expertos, puede provocar un aumento de <strong>crisis asm\u00e1ticas, irritaci\u00f3n ocular y problemas cardiovasculares<\/strong> en personas vulnerables.<\/p>\n\n\n\n<h2 class=\"wp-block-heading has-text-align-center\">Camino de Santiago: alternativas seguras en medio de la crisis<\/h2>\n\n\n\n<p class=\"wp-block-paragraph\">Aunque la situaci\u00f3n en la <strong><a href=\"https:\/\/caminodesantiagofrances.com\/en\/provincia-de-leon\/\" data-type=\"page\" data-id=\"6006\">Provincia de Le\u00f3n<\/a><\/strong> obliga a detener el avance de muchos <strong><a href=\"https:\/\/caminodesantiagofrances.com\/en\/peregrinos\/\" target=\"_blank\" data-type=\"page\" data-id=\"5880\" rel=\"noreferrer noopener\">peregrinos<\/a><\/strong>, existen alternativas para quienes no desean interrumpir totalmente su viaje:<\/p>\n\n\n\n<ul class=\"wp-block-list\">\n<li><strong>Rutas seguras en Galicia oriental<\/strong>, especialmente en Lugo y Ourense, actualmente sin focos activos.<\/li>\n\n\n\n<li><strong>Desv\u00edos hacia etapas en Castilla<\/strong>, en \u00e1reas no afectadas por incendios.<\/li>\n\n\n\n<li><strong>Recorridos urbanos<\/strong> en ciudades como Astorga y Ponferrada, que mantienen espacios culturales abiertos al turismo.<\/li>\n<\/ul>\n\n\n\n<h2 class=\"wp-block-heading has-text-align-center\">Prudencia y respeto a las indicaciones<\/h2>\n\n\n\n<p class=\"wp-block-paragraph\">Ante el avance de los incendios forestales en la <strong><a href=\"https:\/\/caminodesantiagofrances.com\/en\/provincia-de-leon\/\" data-type=\"page\" data-id=\"6006\">Provincia de Le\u00f3n<\/a><\/strong>, las autoridades subrayan la <strong>importancia de priorizar la seguridad personal y colectiva<\/strong>. El Camino de Santiago es una experiencia \u00fanica, pero en este momento resulta imprescindible respetar las restricciones y atender las instrucciones de los equipos de emergencia.<\/p>\n\n\n\n<p class=\"wp-block-paragraph\">La protecci\u00f3n de los peregrinos, la salud p\u00fablica y la preservaci\u00f3n del patrimonio natural deben prevalecer por encima de cualquier itinerario planificado.<\/p>\n\n\n\n<hr class=\"wp-block-separator has-alpha-channel-opacity\"\/>\n\n\n\n<p class=\"wp-block-paragraph\">Ve\u00e1se tambi\u00e9n:<\/p>\n\n\n\n<div class=\"wp-block-columns\">\n<div class=\"wp-block-column\">\n<figure class=\"wp-block-image size-full\"><a href=\"https:\/\/caminodesantiagofrances.com\/en\/provincia-de-leon\/astorga\/\" target=\"_blank\" rel=\" noreferrer noopener\"><img loading=\"lazy\" decoding=\"async\" width=\"600\" height=\"315\" src=\"https:\/\/caminodesantiagofrances.com\/en\/wp-content\/uploads\/sites\/3\/2024\/02\/Astorga-Camino-de-Santiago-Frances.jpg\" alt=\"\" class=\"wp-image-11699\" srcset=\"https:\/\/caminodesantiagofrances.com\/en\/wp-content\/uploads\/sites\/3\/2024\/02\/Astorga-Camino-de-Santiago-Frances.jpg 600w, https:\/\/caminodesantiagofrances.com\/en\/wp-content\/uploads\/sites\/3\/2024\/02\/Astorga-Camino-de-Santiago-Frances-300x158.jpg 300w\" sizes=\"auto, (max-width: 600px) 100vw, 600px\" \/><\/a><\/figure>\n\n\n\n<p class=\"has-text-align-center wp-block-paragraph\"><strong><a href=\"https:\/\/caminodesantiagofrances.com\/en\/provincia-de-leon\/astorga\/\" target=\"_blank\" data-type=\"page\" data-id=\"11695\" rel=\"noreferrer noopener\">Astorga<\/a><\/strong><\/p>\n<\/div>\n\n\n\n<div class=\"wp-block-column\">\n<figure class=\"wp-block-image size-full\"><a href=\"https:\/\/caminodesantiagofrances.com\/en\/provincia-de-leon\/rabanal-del-camino\/\" target=\"_blank\" rel=\" noreferrer noopener\"><img loading=\"lazy\" decoding=\"async\" width=\"600\" height=\"315\" src=\"https:\/\/caminodesantiagofrances.com\/en\/wp-content\/uploads\/sites\/3\/2024\/02\/Rabanal-del-Camino-Camino-de-Santiago-Frances.jpg\" alt=\"\" class=\"wp-image-11736\" srcset=\"https:\/\/caminodesantiagofrances.com\/en\/wp-content\/uploads\/sites\/3\/2024\/02\/Rabanal-del-Camino-Camino-de-Santiago-Frances.jpg 600w, https:\/\/caminodesantiagofrances.com\/en\/wp-content\/uploads\/sites\/3\/2024\/02\/Rabanal-del-Camino-Camino-de-Santiago-Frances-300x158.jpg 300w\" sizes=\"auto, (max-width: 600px) 100vw, 600px\" \/><\/a><\/figure>\n\n\n\n<p class=\"has-text-align-center wp-block-paragraph\"><strong><a href=\"https:\/\/caminodesantiagofrances.com\/en\/provincia-de-leon\/rabanal-del-camino\/\" target=\"_blank\" rel=\"noreferrer noopener\">Rabanal del Camino<\/a><\/strong><\/p>\n<\/div>\n\n\n\n<div class=\"wp-block-column\">\n<figure class=\"wp-block-image size-full\"><a href=\"https:\/\/caminodesantiagofrances.com\/en\/provincia-de-leon\/santa-catalina-de-somoza\/\" target=\"_blank\" rel=\" noreferrer noopener\"><img loading=\"lazy\" decoding=\"async\" width=\"600\" height=\"315\" src=\"https:\/\/caminodesantiagofrances.com\/en\/wp-content\/uploads\/sites\/3\/2024\/02\/Santa-Catalina-de-Somoza-Camino-de-Santiago-Frances.jpg\" alt=\"\" class=\"wp-image-11718\" srcset=\"https:\/\/caminodesantiagofrances.com\/en\/wp-content\/uploads\/sites\/3\/2024\/02\/Santa-Catalina-de-Somoza-Camino-de-Santiago-Frances.jpg 600w, https:\/\/caminodesantiagofrances.com\/en\/wp-content\/uploads\/sites\/3\/2024\/02\/Santa-Catalina-de-Somoza-Camino-de-Santiago-Frances-300x158.jpg 300w\" sizes=\"auto, (max-width: 600px) 100vw, 600px\" \/><\/a><\/figure>\n\n\n\n<p class=\"has-text-align-center wp-block-paragraph\"><strong><a href=\"https:\/\/caminodesantiagofrances.com\/en\/provincia-de-leon\/santa-catalina-de-somoza\/\" target=\"_blank\" rel=\"noreferrer noopener\">Santa Catalina de Somoza<\/a><\/strong><\/p>\n<\/div>\n\n\n\n<div class=\"wp-block-column\">\n<figure class=\"wp-block-image size-full\"><a href=\"https:\/\/caminodesantiagofrances.com\/en\/provincia-de-leon\/foncebadon\/\" target=\"_blank\" rel=\" noreferrer noopener\"><img loading=\"lazy\" decoding=\"async\" width=\"600\" height=\"315\" src=\"https:\/\/caminodesantiagofrances.com\/en\/wp-content\/uploads\/sites\/3\/2024\/02\/Foncebadon-Camino-de-Santiago-Frances.jpg\" alt=\"\" class=\"wp-image-11743\" srcset=\"https:\/\/caminodesantiagofrances.com\/en\/wp-content\/uploads\/sites\/3\/2024\/02\/Foncebadon-Camino-de-Santiago-Frances.jpg 600w, https:\/\/caminodesantiagofrances.com\/en\/wp-content\/uploads\/sites\/3\/2024\/02\/Foncebadon-Camino-de-Santiago-Frances-300x158.jpg 300w\" sizes=\"auto, (max-width: 600px) 100vw, 600px\" \/><\/a><\/figure>\n\n\n\n<p class=\"has-text-align-center wp-block-paragraph\"><strong><a href=\"https:\/\/caminodesantiagofrances.com\/en\/provincia-de-leon\/foncebadon\/\" target=\"_blank\" rel=\"noreferrer noopener\">Foncebad\u00f3n<\/a><\/strong><\/p>\n<\/div>\n<\/div>\n\n\n\n<div class=\"wp-block-columns\">\n<div class=\"wp-block-column\">\n<figure class=\"wp-block-image size-full\"><a href=\"https:\/\/caminodesantiagofrances.com\/en\/provincia-de-leon\/el-acebo\/\" target=\"_blank\" rel=\" noreferrer noopener\"><img loading=\"lazy\" decoding=\"async\" width=\"600\" height=\"315\" src=\"https:\/\/caminodesantiagofrances.com\/en\/wp-content\/uploads\/sites\/3\/2024\/02\/El-Acebo-Camino-de-Santiago-Frances-1.jpg\" alt=\"\" class=\"wp-image-11751\" srcset=\"https:\/\/caminodesantiagofrances.com\/en\/wp-content\/uploads\/sites\/3\/2024\/02\/El-Acebo-Camino-de-Santiago-Frances-1.jpg 600w, https:\/\/caminodesantiagofrances.com\/en\/wp-content\/uploads\/sites\/3\/2024\/02\/El-Acebo-Camino-de-Santiago-Frances-1-300x158.jpg 300w\" sizes=\"auto, (max-width: 600px) 100vw, 600px\" \/><\/a><\/figure>\n\n\n\n<p class=\"has-text-align-center wp-block-paragraph\"><strong><a href=\"https:\/\/caminodesantiagofrances.com\/en\/provincia-de-leon\/el-acebo\/\" target=\"_blank\" rel=\"noreferrer noopener\">El Acebo<\/a><\/strong><\/p>\n<\/div>\n\n\n\n<div class=\"wp-block-column\">\n<figure class=\"wp-block-image size-full\"><a href=\"https:\/\/caminodesantiagofrances.com\/en\/provincia-de-leon\/riego-de-ambros\/\" target=\"_blank\" rel=\" noreferrer noopener\"><img loading=\"lazy\" decoding=\"async\" width=\"600\" height=\"315\" src=\"https:\/\/caminodesantiagofrances.com\/en\/wp-content\/uploads\/sites\/3\/2024\/02\/Riego-de-Ambros-Camino-de-Santiago-Frances.jpg\" alt=\"\" class=\"wp-image-11760\" srcset=\"https:\/\/caminodesantiagofrances.com\/en\/wp-content\/uploads\/sites\/3\/2024\/02\/Riego-de-Ambros-Camino-de-Santiago-Frances.jpg 600w, https:\/\/caminodesantiagofrances.com\/en\/wp-content\/uploads\/sites\/3\/2024\/02\/Riego-de-Ambros-Camino-de-Santiago-Frances-300x158.jpg 300w\" sizes=\"auto, (max-width: 600px) 100vw, 600px\" \/><\/a><\/figure>\n\n\n\n<p class=\"has-text-align-center wp-block-paragraph\"><strong><a href=\"https:\/\/caminodesantiagofrances.com\/en\/provincia-de-leon\/riego-de-ambros\/\" target=\"_blank\" rel=\"noreferrer noopener\">Riego de Ambr\u00f3s<\/a><\/strong><\/p>\n<\/div>\n\n\n\n<div class=\"wp-block-column\">\n<figure class=\"wp-block-image size-full\"><a href=\"https:\/\/caminodesantiagofrances.com\/en\/provincia-de-leon\/molinaseca\/\" target=\"_blank\" rel=\" noreferrer noopener\"><img loading=\"lazy\" decoding=\"async\" width=\"600\" height=\"315\" src=\"https:\/\/caminodesantiagofrances.com\/en\/wp-content\/uploads\/sites\/3\/2024\/02\/Molinaseca-Camino-de-Santiago-Frances.jpg\" alt=\"\" class=\"wp-image-11773\" srcset=\"https:\/\/caminodesantiagofrances.com\/en\/wp-content\/uploads\/sites\/3\/2024\/02\/Molinaseca-Camino-de-Santiago-Frances.jpg 600w, https:\/\/caminodesantiagofrances.com\/en\/wp-content\/uploads\/sites\/3\/2024\/02\/Molinaseca-Camino-de-Santiago-Frances-300x158.jpg 300w\" sizes=\"auto, (max-width: 600px) 100vw, 600px\" \/><\/a><\/figure>\n\n\n\n<p class=\"has-text-align-center wp-block-paragraph\"><strong><a href=\"https:\/\/caminodesantiagofrances.com\/en\/provincia-de-leon\/foncebadon\/\" target=\"_blank\" rel=\"noreferrer noopener\"><strong><\/strong><\/a><strong><a href=\"https:\/\/caminodesantiagofrances.com\/en\/provincia-de-leon\/molinaseca\/\" target=\"_blank\" rel=\"noreferrer noopener\">Molinaseca<\/a><\/strong><\/strong><\/p>\n<\/div>\n\n\n\n<div class=\"wp-block-column\">\n<figure class=\"wp-block-image size-full\"><a href=\"https:\/\/caminodesantiagofrances.com\/en\/provincia-de-leon\/ponferrada\/\" target=\"_blank\" rel=\" noreferrer noopener\"><img loading=\"lazy\" decoding=\"async\" width=\"600\" height=\"315\" src=\"https:\/\/caminodesantiagofrances.com\/en\/wp-content\/uploads\/sites\/3\/2024\/02\/Ponferrada-Camino-de-Santiago-Frances.jpg\" alt=\"\" class=\"wp-image-11779\" srcset=\"https:\/\/caminodesantiagofrances.com\/en\/wp-content\/uploads\/sites\/3\/2024\/02\/Ponferrada-Camino-de-Santiago-Frances.jpg 600w, https:\/\/caminodesantiagofrances.com\/en\/wp-content\/uploads\/sites\/3\/2024\/02\/Ponferrada-Camino-de-Santiago-Frances-300x158.jpg 300w\" sizes=\"auto, (max-width: 600px) 100vw, 600px\" \/><\/a><\/figure>\n\n\n\n<p class=\"has-text-align-center wp-block-paragraph\"><strong><a href=\"https:\/\/caminodesantiagofrances.com\/en\/provincia-de-leon\/ponferrada\/\" target=\"_blank\" rel=\"noreferrer noopener\">Ponferrada<\/a><\/strong><\/p>\n<\/div>\n<\/div>\n\n\n\n<p class=\"wp-block-paragraph\"><\/p>\n","protected":false},"excerpt":{"rendered":"<p>Incendios forestales en Le\u00f3n: advertencia a los peregrinos del Camino de Santiago La Agencia de Protecci\u00f3n Civil y Emergencias de Castilla y Le\u00f3n ha emitido una alerta urgente dirigida a los miles de peregrinos que actualmente recorren el Camino de Santiago. El organismo solicita la suspensi\u00f3n inmediata del trayecto en la Provincia de Le\u00f3n, debido [&hellip;]<\/p>\n","protected":false},"author":1,"featured_media":16093,"comment_status":"closed","ping_status":"closed","sticky":false,"template":"","format":"standard","meta":{"footnotes":""},"categories":[687],"tags":[],"class_list":["post-16092","post","type-post","status-publish","format-standard","has-post-thumbnail","hentry","category-actualidades"],"_links":{"self":[{"href":"https:\/\/caminodesantiagofrances.com\/en\/wp-json\/wp\/v2\/posts\/16092","targetHints":{"allow":["GET"]}}],"collection":[{"href":"https:\/\/caminodesantiagofrances.com\/en\/wp-json\/wp\/v2\/posts"}],"about":[{"href":"https:\/\/caminodesantiagofrances.com\/en\/wp-json\/wp\/v2\/types\/post"}],"author":[{"embeddable":true,"href":"https:\/\/caminodesantiagofrances.com\/en\/wp-json\/wp\/v2\/users\/1"}],"replies":[{"embeddable":true,"href":"https:\/\/caminodesantiagofrances.com\/en\/wp-json\/wp\/v2\/comments?post=16092"}],"version-history":[{"count":0,"href":"https:\/\/caminodesantiagofrances.com\/en\/wp-json\/wp\/v2\/posts\/16092\/revisions"}],"wp:featuredmedia":[{"embeddable":true,"href":"https:\/\/caminodesantiagofrances.com\/en\/wp-json\/wp\/v2\/media\/16093"}],"wp:attachment":[{"href":"https:\/\/caminodesantiagofrances.com\/en\/wp-json\/wp\/v2\/media?parent=16092"}],"wp:term":[{"taxonomy":"category","embeddable":true,"href":"https:\/\/caminodesantiagofrances.com\/en\/wp-json\/wp\/v2\/categories?post=16092"},{"taxonomy":"post_tag","embeddable":true,"href":"https:\/\/caminodesantiagofrances.com\/en\/wp-json\/wp\/v2\/tags?post=16092"}],"curies":[{"name":"wp","href":"https:\/\/api.w.org\/{rel}","templated":true}]}}