{"id":16182,"date":"2025-06-18T02:38:00","date_gmt":"2025-06-18T00:38:00","guid":{"rendered":"https:\/\/caminodesantiagofrances.com\/en\/?p=16182"},"modified":"2025-08-20T02:50:13","modified_gmt":"2025-08-20T00:50:13","slug":"mancomunidade-do-camino-frances-recibe-a-peregrinos-italianos-en-galicia","status":"publish","type":"post","link":"https:\/\/caminodesantiagofrances.com\/en\/mancomunidade-do-camino-frances-recibe-a-peregrinos-italianos-en-galicia\/","title":{"rendered":"Mancomunidade do Camino Franc\u00e9s recibe a peregrinos italianos en Galicia"},"content":{"rendered":"\n<h2 class=\"wp-block-heading has-text-align-center\">Peregrinos italianos de Pistoya recibidos en Portomar\u00edn por la Mancomunidade do Cami\u00f1o Franc\u00e9s<\/h2>\n\n\n\n<p class=\"wp-block-paragraph\">La <strong>Mancomunidade de Municipios Galegos do Cami\u00f1o Franc\u00e9s<\/strong>, presidida por el Concello de <strong><a href=\"https:\/\/caminodesantiagofrances.com\/en\/provincia-de-lugo\/triacastela\/\" data-type=\"page\" data-id=\"12007\" target=\"_blank\" rel=\"noreferrer noopener\">Triacastela<\/a><\/strong>, celebr\u00f3 en <strong><a href=\"https:\/\/caminodesantiagofrances.com\/en\/provincia-de-lugo\/portomarin\/\" data-type=\"page\" data-id=\"12192\" target=\"_blank\" rel=\"noreferrer noopener\">Portomar\u00edn<\/a><\/strong> un emotivo acto de bienvenida a un grupo de peregrinos procedentes de <strong>Pistoya (Italia)<\/strong>. Este encuentro simboliza el estrecho v\u00ednculo entre Galicia y las comunidades internacionales que cada a\u00f1o eligen recorrer el <strong><strong><a href=\"https:\/\/caminodesantiagofrances.com\/en\/\" data-type=\"page\" data-id=\"86\" target=\"_blank\" rel=\"noreferrer noopener\">Camino de Santiago Franc\u00e9s<\/a><\/strong><\/strong>, la ruta jacobea m\u00e1s transitada y con mayor valor patrimonial.<\/p>\n\n\n\n<h3 class=\"wp-block-heading has-text-align-center\">Portomar\u00edn como escenario del encuentro internacional<\/h3>\n\n\n\n<p class=\"wp-block-paragraph\">El hist\u00f3rico municipio de <strong><strong><a href=\"https:\/\/caminodesantiagofrances.com\/en\/provincia-de-lugo\/portomarin\/\" data-type=\"page\" data-id=\"12192\" target=\"_blank\" rel=\"noreferrer noopener\">Portomar\u00edn<\/a><\/strong><\/strong>, uno de los enclaves m\u00e1s ic\u00f3nicos del Camino Franc\u00e9s, fue el lugar elegido para la recepci\u00f3n oficial. En el acto participaron representantes de la mancomunidade, entre ellos:<\/p>\n\n\n\n<ul class=\"wp-block-list\">\n<li><strong>Pablo Rivas<\/strong>, alcalde de Portomar\u00edn.<\/li>\n\n\n\n<li><strong>Montserrat Mulet<\/strong>, alcaldesa de Paradela.<\/li>\n\n\n\n<li><strong>Eloy P\u00e9rez<\/strong>, alcalde de Monterroso.<\/li>\n<\/ul>\n\n\n\n<p class=\"wp-block-paragraph\">Todos ellos subrayaron la importancia de fortalecer los lazos de colaboraci\u00f3n internacional y de consolidar la proyecci\u00f3n del Camino Franc\u00e9s como motor cultural, social y econ\u00f3mico para Galicia.<\/p>\n\n\n\n<h3 class=\"wp-block-heading has-text-align-center\">La conexi\u00f3n entre Pistoya y el Cami\u00f1o Franc\u00e9s<\/h3>\n\n\n\n<p class=\"wp-block-paragraph\">La relaci\u00f3n con <strong>Pistoya<\/strong> se consolid\u00f3 a lo largo del a\u00f1o 2024, gracias a diversas acciones de promoci\u00f3n cultural y tur\u00edstica llevadas a cabo por la mancomunidade en la ciudad italiana. Estas iniciativas permitieron difundir el valor del <strong>Cami\u00f1o Franc\u00e9s<\/strong> como ruta hist\u00f3rica y espiritual, logrando captar la atenci\u00f3n de numerosos peregrinos que finalmente se animaron a recorrer los tramos gallegos del itinerario.<\/p>\n\n\n\n<p class=\"wp-block-paragraph\">El grupo de caminantes, encabezado por <strong>Mario Menici<\/strong>, un veterano peregrino que realiz\u00f3 el Camino por primera vez en 1999, representa la fidelidad y el compromiso internacional con la experiencia jacobea. Menici, que ha repetido la ruta en varias ocasiones, afirm\u00f3 con emoci\u00f3n que esta no ser\u00e1 su \u00faltima vez.<\/p>\n\n\n\n<hr class=\"wp-block-separator has-alpha-channel-opacity\"\/>\n\n\n\n<h3 class=\"wp-block-heading has-text-align-center\">Reconocimiento a los peregrinos y promoci\u00f3n del patrimonio<\/h3>\n\n\n\n<p class=\"wp-block-paragraph\">Durante la recepci\u00f3n, la Mancomunidade entreg\u00f3 a los participantes un <strong>folleto informativo<\/strong> en el que se recoge la identidad, el patrimonio cultural y los principales recursos tur\u00edsticos de todos los municipios que integran la ruta en Galicia. Este gesto tuvo un doble valor:<\/p>\n\n\n\n<ol class=\"wp-block-list\">\n<li><strong>Reconocer la importancia del peregrino<\/strong> como embajador cultural y como protagonista de la revitalizaci\u00f3n de la ruta.<\/li>\n\n\n\n<li><strong>Visibilizar la riqueza patrimonial de los concellos gallegos<\/strong>, desde Triacastela hasta Santiago de Compostela, garantizando que cada localidad sea representada en igualdad dentro de la estrategia de promoci\u00f3n.<\/li>\n<\/ol>\n\n\n\n<p class=\"wp-block-paragraph\">La entrega simb\u00f3lica del folleto a Mario Menici fue un momento especialmente destacado, que reforz\u00f3 la idea de comunidad y de continuidad hist\u00f3rica del Camino.<\/p>\n\n\n\n<h3 class=\"wp-block-heading\">El papel de la Mancomunidade do Cami\u00f1o Franc\u00e9s<\/h3>\n\n\n\n<p class=\"wp-block-paragraph\">La <strong>Mancomunidade de Municipios Galegos do Cami\u00f1o Franc\u00e9s<\/strong> tiene como objetivo principal coordinar esfuerzos entre los diferentes concellos para:<\/p>\n\n\n\n<ul class=\"wp-block-list\">\n<li><strong>Potenciar la hospitalidad y los servicios<\/strong> ofrecidos a los peregrinos.<\/li>\n\n\n\n<li><strong>Conservar el patrimonio cultural y natural<\/strong> que rodea el itinerario jacobeo.<\/li>\n\n\n\n<li><strong>Impulsar la promoci\u00f3n internacional<\/strong> del Camino, con especial atenci\u00f3n a pa\u00edses emisores de peregrinos como Italia, Alemania, Francia o Estados Unidos.<\/li>\n\n\n\n<li><strong>Fortalecer la cooperaci\u00f3n entre municipios<\/strong>, asegurando que cada tramo del Camino mantenga su autenticidad y atractivo tur\u00edstico.<\/li>\n<\/ul>\n\n\n\n<h3 class=\"wp-block-heading\">Portomar\u00edn: s\u00edmbolo del Cami\u00f1o e identidad gallega<\/h3>\n\n\n\n<p class=\"wp-block-paragraph\">El municipio de <strong><a href=\"https:\/\/caminodesantiagofrances.com\/en\/provincia-de-lugo\/portomarin\/\" data-type=\"page\" data-id=\"12192\" target=\"_blank\" rel=\"noreferrer noopener\">Portomar\u00edn<\/a><\/strong>, reubicado en los a\u00f1os sesenta tras la construcci\u00f3n del embalse de Belesar, es hoy un referente cultural y tur\u00edstico dentro del Camino Franc\u00e9s. Su <strong><a href=\"https:\/\/caminodesantiagofrances.com\/en\/lo\/iglesia-de-san-nicolas\/\" data-type=\"gd_place\" data-id=\"15701\" target=\"_blank\" rel=\"noreferrer noopener\">Iglesia de San Nicol\u00e1s<\/a><\/strong> y su emblem\u00e1tico puente sobre el Mi\u00f1o reciben cada a\u00f1o a decenas de miles de peregrinos. Que este acto tuviera lugar all\u00ed no es casualidad: Portomar\u00edn simboliza la resiliencia, la hospitalidad y la esencia del Camino.<\/p>\n\n\n\n<h3 class=\"wp-block-heading has-text-align-center\">Proyecci\u00f3n futura: un Camino unido y abierto al mundo<\/h3>\n\n\n\n<p class=\"wp-block-paragraph\">La recepci\u00f3n a los peregrinos de Pistoya no fue solo un gesto de bienvenida, sino tambi\u00e9n un <strong>acto de proyecci\u00f3n internacional<\/strong>. La Mancomunidade reafirma con ello su voluntad de seguir promoviendo el Camino como un espacio de encuentro entre culturas, religiones y pueblos.<\/p>\n\n\n\n<p class=\"wp-block-paragraph\">El <strong>Cami\u00f1o Franc\u00e9s<\/strong> es, m\u00e1s que una ruta, un patrimonio vivo que une Galicia con el mundo entero. Iniciativas como esta consolidan su papel como motor de turismo sostenible, generador de riqueza local y s\u00edmbolo de identidad colectiva.<\/p>\n","protected":false},"excerpt":{"rendered":"<p>Peregrinos italianos de Pistoya recibidos en Portomar\u00edn por la Mancomunidade do Cami\u00f1o Franc\u00e9s La Mancomunidade de Municipios Galegos do Cami\u00f1o Franc\u00e9s, presidida por el Concello de Triacastela, celebr\u00f3 en Portomar\u00edn un emotivo acto de bienvenida a un grupo de peregrinos procedentes de Pistoya (Italia). Este encuentro simboliza el estrecho v\u00ednculo entre Galicia y las comunidades [&hellip;]<\/p>\n","protected":false},"author":1,"featured_media":16183,"comment_status":"closed","ping_status":"closed","sticky":false,"template":"","format":"standard","meta":{"footnotes":""},"categories":[687],"tags":[],"class_list":["post-16182","post","type-post","status-publish","format-standard","has-post-thumbnail","hentry","category-actualidades"],"_links":{"self":[{"href":"https:\/\/caminodesantiagofrances.com\/en\/wp-json\/wp\/v2\/posts\/16182","targetHints":{"allow":["GET"]}}],"collection":[{"href":"https:\/\/caminodesantiagofrances.com\/en\/wp-json\/wp\/v2\/posts"}],"about":[{"href":"https:\/\/caminodesantiagofrances.com\/en\/wp-json\/wp\/v2\/types\/post"}],"author":[{"embeddable":true,"href":"https:\/\/caminodesantiagofrances.com\/en\/wp-json\/wp\/v2\/users\/1"}],"replies":[{"embeddable":true,"href":"https:\/\/caminodesantiagofrances.com\/en\/wp-json\/wp\/v2\/comments?post=16182"}],"version-history":[{"count":0,"href":"https:\/\/caminodesantiagofrances.com\/en\/wp-json\/wp\/v2\/posts\/16182\/revisions"}],"wp:featuredmedia":[{"embeddable":true,"href":"https:\/\/caminodesantiagofrances.com\/en\/wp-json\/wp\/v2\/media\/16183"}],"wp:attachment":[{"href":"https:\/\/caminodesantiagofrances.com\/en\/wp-json\/wp\/v2\/media?parent=16182"}],"wp:term":[{"taxonomy":"category","embeddable":true,"href":"https:\/\/caminodesantiagofrances.com\/en\/wp-json\/wp\/v2\/categories?post=16182"},{"taxonomy":"post_tag","embeddable":true,"href":"https:\/\/caminodesantiagofrances.com\/en\/wp-json\/wp\/v2\/tags?post=16182"}],"curies":[{"name":"wp","href":"https:\/\/api.w.org\/{rel}","templated":true}]}}