{"id":16985,"date":"2020-02-23T02:30:00","date_gmt":"2020-02-23T01:30:00","guid":{"rendered":"https:\/\/caminodesantiagofrances.com\/en\/?p=16985"},"modified":"2025-10-02T02:42:47","modified_gmt":"2025-10-02T00:42:47","slug":"restauracion-integral-de-la-iglesia-de-san-martin-obispo-en-palacios-de-benaver","status":"publish","type":"post","link":"https:\/\/caminodesantiagofrances.com\/en\/restauracion-integral-de-la-iglesia-de-san-martin-obispo-en-palacios-de-benaver\/","title":{"rendered":"Restauraci\u00f3n integral de la Iglesia de San Mart\u00edn Obispo en Palacios de Benaver"},"content":{"rendered":"\n<h2 class=\"wp-block-heading has-text-align-center\">Restauraci\u00f3n integral de la Iglesia de San Mart\u00edn Obispo en Palacios de Benaver: proyecto, presupuesto y futuro del templo<\/h2>\n\n\n\n<p class=\"wp-block-paragraph\">La <strong><a href=\"https:\/\/caminodesantiagofrances.com\/en\/lo\/iglesia-de-san-martin-obispo-palacios-de-benaver\/\" target=\"_blank\" data-type=\"gd_place\" data-id=\"16981\" rel=\"noreferrer noopener\">Iglesia de San Mart\u00edn Obispo de Palacios de Benaver<\/a><\/strong>, una joya del patrimonio hist\u00f3rico burgal\u00e9s, permanece cerrada desde el desprendimiento parcial de una de sus b\u00f3vedas en diciembre. El suceso oblig\u00f3 a trasladar las celebraciones religiosas al monasterio de la localidad, a la espera de una intervenci\u00f3n de consolidaci\u00f3n y restauraci\u00f3n que garantice la seguridad y conservaci\u00f3n del edificio.<\/p>\n\n\n\n<p class=\"wp-block-paragraph\">El proyecto de reparaci\u00f3n ya est\u00e1 definido y contempla una inversi\u00f3n aproximada de <strong>60.000 euros<\/strong>, con un plan de actuaci\u00f3n que abarca las b\u00f3vedas da\u00f1adas y el pilar estructural que las sostiene.<\/p>\n\n\n\n<h3 class=\"wp-block-heading has-text-align-center\">Contexto del cierre del templo y estado actual<\/h3>\n\n\n\n<p class=\"wp-block-paragraph\">Tras el colapso de parte de la b\u00f3veda en el primer tramo de la nave, los t\u00e9cnicos de la <strong>Di\u00f3cesis de Burgos<\/strong> inspeccionaron los da\u00f1os y confirmaron la necesidad de una intervenci\u00f3n urgente.<\/p>\n\n\n\n<ul class=\"wp-block-list\">\n<li>El templo se mantiene clausurado, sin que se hayan retirado a\u00fan las piedras ca\u00eddas.<\/li>\n\n\n\n<li>Las misas se celebran de manera provisional en el monasterio del pueblo.<\/li>\n\n\n\n<li>La reapertura depender\u00e1 de la ejecuci\u00f3n de las obras, estimadas en un plazo de <strong>4 a 6 meses<\/strong>.<\/li>\n<\/ul>\n\n\n\n<h3 class=\"wp-block-heading has-text-align-center\">Proyecto de intervenci\u00f3n: objetivos y fases<\/h3>\n\n\n\n<p class=\"wp-block-paragraph\">El arquitecto t\u00e9cnico diocesano <strong>Miguel \u00c1ngel Ortega<\/strong> ha dise\u00f1ado un plan de actuaci\u00f3n integral en una sola fase, con el fin de evitar duplicar el montaje de andamios y reducir costes.<\/p>\n\n\n\n<h4 class=\"wp-block-heading\">Actuaciones principales:<\/h4>\n\n\n\n<ol class=\"wp-block-list\">\n<li><strong>B\u00f3veda desplomada del primer tramo<\/strong>\n<ul class=\"wp-block-list\">\n<li>Eliminaci\u00f3n de argamasa inadecuada aplicada en una intervenci\u00f3n anterior.<\/li>\n\n\n\n<li>Sustituci\u00f3n por un cosido estructural con varillas de acero y mallas protectoras.<\/li>\n\n\n\n<li>Reconstrucci\u00f3n con t\u00e9cnicas de consolidaci\u00f3n que garanticen estabilidad duradera.<\/li>\n<\/ul>\n<\/li>\n\n\n\n<li><strong>B\u00f3veda del segundo tramo de la nave<\/strong>\n<ul class=\"wp-block-list\">\n<li>Refuerzo del cascar\u00f3n inexistente para unir todos los plementos.<\/li>\n\n\n\n<li>Instalaci\u00f3n de un sistema de cosido met\u00e1lico que integre la estructura en un solo cuerpo.<\/li>\n\n\n\n<li>Prevenci\u00f3n de movimientos y desplazamientos futuros.<\/li>\n<\/ul>\n<\/li>\n\n\n\n<li><strong>Pilar central de apoyo<\/strong>\n<ul class=\"wp-block-list\">\n<li>Revisi\u00f3n desde la base hasta el arranque del arco.<\/li>\n\n\n\n<li>Consolidaci\u00f3n integral para estabilizar la uni\u00f3n con las b\u00f3vedas.<\/li>\n<\/ul>\n<\/li>\n<\/ol>\n\n\n\n<h4 class=\"wp-block-heading\">Intervenciones adicionales:<\/h4>\n\n\n\n<ul class=\"wp-block-list\">\n<li>Peque\u00f1as reposiciones de tejas en la cubierta.<\/li>\n\n\n\n<li>Trabajos de mantenimiento preventivo para evitar filtraciones.<\/li>\n<\/ul>\n\n\n\n<h3 class=\"wp-block-heading has-text-align-center\">Financiaci\u00f3n y plazos previstos<\/h3>\n\n\n\n<p class=\"wp-block-paragraph\">El presupuesto asciende a <strong>60.000 euros<\/strong>. La ejecuci\u00f3n depende de la pr\u00f3xima convocatoria del <strong>\u201cConvenio de las Goteras\u201d<\/strong> prevista para marzo de 2021, lo que permitir\u00eda iniciar las obras en primavera.<\/p>\n\n\n\n<p class=\"wp-block-paragraph\">Adicionalmente, se contempla:<\/p>\n\n\n\n<ul class=\"wp-block-list\">\n<li>Solicitar <strong>ayudas de urgente necesidad<\/strong> a la Diputaci\u00f3n Provincial.<\/li>\n\n\n\n<li>Gestionar apoyos econ\u00f3micos a trav\u00e9s del <strong>grupo de acci\u00f3n local Adeco Camino<\/strong>.<\/li>\n\n\n\n<li>Movilizar la colaboraci\u00f3n vecinal mediante aportaciones voluntarias.<\/li>\n<\/ul>\n\n\n\n<h3 class=\"wp-block-heading has-text-align-center\">Impacto en la comunidad y en el patrimonio cultural<\/h3>\n\n\n\n<p class=\"wp-block-paragraph\">La <strong>restauraci\u00f3n de la Iglesia de San Mart\u00edn Obispo<\/strong> no solo asegura la estabilidad estructural del edificio, sino que tambi\u00e9n garantiza:<\/p>\n\n\n\n<ul class=\"wp-block-list\">\n<li>La conservaci\u00f3n de un <strong>bien hist\u00f3rico y cultural<\/strong> de referencia en Palacios de Benaver.<\/li>\n\n\n\n<li>El retorno de las celebraciones lit\u00fargicas a su emplazamiento original.<\/li>\n\n\n\n<li>El impulso al <strong>turismo patrimonial<\/strong> en la comarca.<\/li>\n\n\n\n<li>La preservaci\u00f3n de una identidad colectiva ligada al templo desde hace siglos.<\/li>\n<\/ul>\n\n\n\n<h3 class=\"wp-block-heading has-text-align-center\">Restauraci\u00f3n de la Iglesia de San Mart\u00edn en Palacios de Benaver<\/h3>\n\n\n\n<p class=\"wp-block-paragraph\">El cierre de la Iglesia de San Mart\u00edn Obispo ha supuesto un golpe emocional para los vecinos de <strong><a href=\"https:\/\/caminodesantiagofrances.com\/en\/via-aquitania\/palacios-de-benaver\/\" target=\"_blank\" data-type=\"page\" data-id=\"16977\" rel=\"noreferrer noopener\">Palacios de Benaver<\/a><\/strong>, pero el proyecto de restauraci\u00f3n abre la puerta a una recuperaci\u00f3n s\u00f3lida y definitiva. Con una inversi\u00f3n de 60.000 euros y una ejecuci\u00f3n t\u00e9cnica especializada, el templo podr\u00e1 reabrir sus puertas con garant\u00edas de seguridad y continuidad hist\u00f3rica, reforzando al mismo tiempo el valor patrimonial de la localidad.<\/p>\n\n\n\n<div class=\"wp-block-columns\">\n<div class=\"wp-block-column\">\n<div class=\"wp-block-geodirectory-geodir-widget-listings\"><div class=\"geodir-listings bsui sdel-f059006c\" >\t\t<div id=\"geodir_6a9d4e790cd69\" class=\"geodir_locations geodir_location_listing\n\t\t\t\t\t\t\t mb-3\t\t position-relative\">\n\t\t\t\t<div\n\t\tclass=\"row row-cols-1 row-cols-sm-2 geodir-category-list-view geodir-widget-posts geodir-gridview row-cols-md-0\">\n\t\t\n<div class=\"col mb-4 geodir-post post-16981 gd_place type-gd_place status-publish has-post-thumbnail gd-post-pkg-1\" data-post-id=\"16981\">\n\t\t<div class=\"card h-100 p-0 m-0 mw-100  \">\n\t<div class=\"card p-0 mw-100 h-100 \"><div class=\"card-img-top overflow-hidden position-relative  \"><span class=\"bsui gd-badge-meta\"><a href=\"https:\/\/caminodesantiagofrances.com\/en\/lo\/categoria\/iglesia\/\" class=\"gd-badge border-0 badge ab-bottom-left ms-1\"  data-id=\"16981\"  data-badge=\"default_category\"  data-badge-condition=\"is_not_empty\"  style=\"background-color:rgba(0,0,0,0.5);border-color:rgba(0,0,0,0.5);color:#ffffff;\"  >Iglesia<\/a>\n<\/span><div class=\"geodir_post_meta gd-fav-info-wrap  gd-fav-hide-text ab-bottom-right me-1  mb-n1  me-1 mb-n1 ab-bottom-right\" >\t\t<span class=\"gd-list-favorite\">\n\t\t\t<span class=\"geodir-addtofav favorite_property_16981  h5\" aria-hidden=\"true\"><span  title=\"Add to Favourites\"  class=\"geodir-addtofav-icon c-pointer geodir-act-fav\"  data-color-on=\"#ff0000\"  data-icon=\"fas fa-heart\"  data-color-off=\"rgba(223,223,223,0.8)\"  data-text-color=\"\"  data-bs-toggle=\"tooltip\"  aria-hidden=\"true\"  onclick=\"javascript:window.location.href='https:\/\/caminodesantiagofrances.com\/en\/wp-login.php'\"  ><i class=\"fas fa-heart\"  style=\"color:rgba(223,223,223,0.8);\" ><\/i> <span class=\"geodir-fav-text gv-secondary visually-hidden\" style=\"\" aria-hidden=\"true\">Favourite<\/span><\/span>\n<\/span>\t\t<\/span>\n\t\t<\/div><div class=\"geodir-post-slider bsui sdel-03994e04\" ><div class=\"geodir-image-container geodir-image-sizes-medium_large overflow-hidden\">\n\t\t\t<div class=\"geodir-images aui-gallery geodir-images-n-1 geodir-images-image carousel-inner \">\n\t\t<div class=\"carousel-item active\"><a href='https:\/\/caminodesantiagofrances.com\/en\/lo\/iglesia-de-san-martin-obispo-palacios-de-benaver\/' class='geodir-link-image embed-has-action ratio ratio-16x9 ratio ratio-16x9 d-block'><img src='data:image\/png;base64,iVBORw0KGgoAAAANSUhEUgAAAGQAAAABCAQAAACC0sM2AAAADklEQVR42mP8X88wLAAAK5IBgMYCdqgAAAAASUVORK5CYII=' data-src=\"https:\/\/caminodesantiagofrances.com\/en\/wp-content\/uploads\/sites\/3\/2025\/10\/Iglesia-de-San-Martin-Obispo-Palacios-de-Benaver-Camino-de-Santiago-Frances-768x403.jpg\" alt=\"Iglesia de San Martin Obispo Palacios de Benaver Camino de Santiago Frances 768x403\" width=\"768\" height=\"403\" class=\"geodir-lazy-load align size-medium_large geodir-image-4574 embed-item-cover-xy w-100 p-0 m-0 mw-100 border-0\" data-srcset=\"https:\/\/caminodesantiagofrances.com\/en\/wp-content\/uploads\/sites\/3\/2025\/10\/Iglesia-de-San-Martin-Obispo-Palacios-de-Benaver-Camino-de-Santiago-Frances-768x403.jpg 768w, https:\/\/caminodesantiagofrances.com\/en\/wp-content\/uploads\/sites\/3\/2025\/10\/Iglesia-de-San-Martin-Obispo-Palacios-de-Benaver-Camino-de-Santiago-Frances-300x158.jpg 300w, https:\/\/caminodesantiagofrances.com\/en\/wp-content\/uploads\/sites\/3\/2025\/10\/Iglesia-de-San-Martin-Obispo-Palacios-de-Benaver-Camino-de-Santiago-Frances-1024x538.jpg 1024w, https:\/\/caminodesantiagofrances.com\/en\/wp-content\/uploads\/sites\/3\/2025\/10\/Iglesia-de-San-Martin-Obispo-Palacios-de-Benaver-Camino-de-Santiago-Frances.jpg 1200w\" sizes=\"(max-width: 768px) 100vw, 768px\" \/><i class=\"fas fa-link w-auto h-auto\" aria-hidden=\"true\"><\/i><\/a><\/div>\t\t<\/div>\n\t\t<\/div>\n<\/div><\/div><div class=\"card-body p-2  \"><div class=\"row justify-content-center gv-hide-3 gv-hide-0\"><div class=\"col col-4 text-center tofront \"><a href=\"https:\/\/caminodesantiagofrances.com\/en\/author\/caminodesantiagofrances-com\/\" title=\"caminodesantiagofrances-com\"><img decoding=\"async\" style=\"max-height:75px;\" class=\"rounded-circle shadow border border-white border-width-4 p-0 mw-100 mt-n5 bg-white\" src=\"https:\/\/secure.gravatar.com\/avatar\/03aa5dc32308904f80a38258afc0335b43d4b2bec3418626e4f8712b71c3b93e?s=96&#038;d=mm&#038;r=g\" alt=\"Author Image\"><\/a><\/div><\/div><div class=\"geodir-post-title bsui sdel-caa60b10\" ><h3 class=\"geodir-entry-title  h5 \"><a href=\"https:\/\/caminodesantiagofrances.com\/en\/lo\/iglesia-de-san-martin-obispo-palacios-de-benaver\/\" class=\"\" title=\"View: Iglesia de San Mart\u00edn Obispo Palacios de Benaver\">Iglesia de San Mart\u00edn Obispo Palacios de Benaver<\/a><\/h3><\/div><div class=\"geodir-post-content-container bsui sdel-1e477937\" ><div class=\"geodir_post_meta  text-justify pb-1 position-relative geodir-field-post_content\" >Iglesia de San Mart\u00edn Obispo en Palacios de Benaver En pleno coraz\u00f3n de la provincia de Burgos, dentro del municipio<\/div><\/div><\/div><div class=\"card-footer p-2  \"><div class='d-flex justify-content-between align-items-center flex-wrap'><div><\/div><div><\/div><\/div><\/div><\/div>\t<\/div>\n\t<\/div>\n\t<\/div>\n\t\t<\/div>\n\t\t<\/div><\/div>\n<\/div>\n<\/div>\n","protected":false},"excerpt":{"rendered":"<p>Restauraci\u00f3n integral de la Iglesia de San Mart\u00edn Obispo en Palacios de Benaver: proyecto, presupuesto y futuro del templo La Iglesia de San Mart\u00edn Obispo de Palacios de Benaver, una joya del patrimonio hist\u00f3rico burgal\u00e9s, permanece cerrada desde el desprendimiento parcial de una de sus b\u00f3vedas en diciembre. El suceso oblig\u00f3 a trasladar las celebraciones [&hellip;]<\/p>\n","protected":false},"author":1,"featured_media":16986,"comment_status":"closed","ping_status":"closed","sticky":false,"template":"","format":"standard","meta":{"footnotes":""},"categories":[687],"tags":[],"class_list":["post-16985","post","type-post","status-publish","format-standard","has-post-thumbnail","hentry","category-actualidades"],"_links":{"self":[{"href":"https:\/\/caminodesantiagofrances.com\/en\/wp-json\/wp\/v2\/posts\/16985","targetHints":{"allow":["GET"]}}],"collection":[{"href":"https:\/\/caminodesantiagofrances.com\/en\/wp-json\/wp\/v2\/posts"}],"about":[{"href":"https:\/\/caminodesantiagofrances.com\/en\/wp-json\/wp\/v2\/types\/post"}],"author":[{"embeddable":true,"href":"https:\/\/caminodesantiagofrances.com\/en\/wp-json\/wp\/v2\/users\/1"}],"replies":[{"embeddable":true,"href":"https:\/\/caminodesantiagofrances.com\/en\/wp-json\/wp\/v2\/comments?post=16985"}],"version-history":[{"count":0,"href":"https:\/\/caminodesantiagofrances.com\/en\/wp-json\/wp\/v2\/posts\/16985\/revisions"}],"wp:featuredmedia":[{"embeddable":true,"href":"https:\/\/caminodesantiagofrances.com\/en\/wp-json\/wp\/v2\/media\/16986"}],"wp:attachment":[{"href":"https:\/\/caminodesantiagofrances.com\/en\/wp-json\/wp\/v2\/media?parent=16985"}],"wp:term":[{"taxonomy":"category","embeddable":true,"href":"https:\/\/caminodesantiagofrances.com\/en\/wp-json\/wp\/v2\/categories?post=16985"},{"taxonomy":"post_tag","embeddable":true,"href":"https:\/\/caminodesantiagofrances.com\/en\/wp-json\/wp\/v2\/tags?post=16985"}],"curies":[{"name":"wp","href":"https:\/\/api.w.org\/{rel}","templated":true}]}}