{"id":17155,"date":"2025-11-13T10:25:22","date_gmt":"2025-11-13T09:25:22","guid":{"rendered":"https:\/\/caminodesantiagofrances.com\/en\/?p=17155"},"modified":"2025-11-13T10:25:25","modified_gmt":"2025-11-13T09:25:25","slug":"a-backpack-and-a-dream-come-true","status":"publish","type":"post","link":"https:\/\/caminodesantiagofrances.com\/en\/a-backpack-and-a-dream-come-true\/","title":{"rendered":"A Backpack and a Dream Come True"},"content":{"rendered":"\n<h2 class=\"wp-block-heading has-text-align-center\">A Backpack and a Dream Come True<\/h2>\n\n\n\n<p class=\"wp-block-paragraph\">The Camino de Santiago was the most incredible experience I&#8217;ve had in my 36 years of life. I walked the <strong><a href=\"https:\/\/caminodesantiagofrances.com\/en\/\" target=\"_blank\" data-type=\"link\" data-id=\"https:\/\/caminodesantiagofrances.com\/en\/\" rel=\"noreferrer noopener\">Camino Frances<\/a><\/strong> between August and September 2024, in 29 days, alone. The Camino was magical and special; it gave me the experience of being in motion, of feeling my body and mind adjust to the rhythm of the journey, and of understanding that, in the end, the real Camino wasn&#8217;t just ahead of me, but within me.<\/p>\n\n\n\n<p class=\"wp-block-paragraph\">I came from very far away, from southern Brazil, to experience it. The Camino gradually became a sequence of small encounters with the world and with myself, ceasing to be just a list of kilometres to cover. It let me walk without rushing, to live and pay attention to every detail, every sensation \u2014 things we tend not to notice in our day-to-day routine. Each stage brought its own challenges and discoveries, moments of physical effort, of inner silence, of unexpected encounters and reflections that built up step by step.<\/p>\n\n\n\n<p class=\"wp-block-paragraph\">There were many people, many conversations, many lessons, many kilometres covered through nature, but also many hours of silence and reflection. Everything on the Camino had a purpose. It transformed the way I think, the way I see, the way I feel free. I walked the entire Camino Frances alone. Many days I started walking before dawn, in the dark, sometimes with someone nearby, sometimes with no one \u2014 just me, God and the Camino. And, incredible as it may seem, I never felt afraid, not once. There, I felt at home and protected.<\/p>\n\n\n\n<p class=\"wp-block-paragraph\">When I left <strong><a href=\"https:\/\/caminodesantiagofrances.com\/en\/france\/saint-jean-pied-de-port\/\" target=\"_blank\" data-type=\"page\" data-id=\"16300\" rel=\"noreferrer noopener\">Saint-Jean-Pied-de-Port<\/a><\/strong>, I took the wrong route. I got it wrong on the first day&#8230; THE FIRST DAY! I was in such a mix of excitement, anxiety and so many feelings that I simply kept walking without noticing I was supposed to keep to the right. When I noticed there was no one around anymore, I checked the apps and saw I&#8217;d gone the wrong way. But it&#8217;s fine, that&#8217;s what happens when you&#8217;re living your dreams! The route, though, was beautiful \u2014 extremely beautiful! I had longed for it deeply, especially crossing the Pyrenees, the mountain range in the south of France. The sunrise was a spectacle all its own, indescribable. Enchanting, breathtaking landscapes, sheep, horses, many climbs with no shade and then very steep descents. The backpack weighed quite a lot, my shoulders ached, but it was the first day of adjustment&#8230; for me, for my body, for it \u2014 the backpack. From then on, we would be one, for many days to come.<\/p>\n\n\n\n<p class=\"wp-block-paragraph\">On day 19 of the Camino, on the Mesetas, I turned 35 and spent the night in <strong><a href=\"https:\/\/caminodesantiagofrances.com\/en\/leon-province\/astorga\/\" data-type=\"page\" data-id=\"11695\" target=\"_blank\" rel=\"noreferrer noopener\">Astorga<\/a><\/strong>, a beautiful city surrounded by walls. That day I stayed at a Brazilian hostel (<strong><a href=\"https:\/\/caminodesantiagofrances.com\/en\/lo\/albergue-so-por-hoje-astorga\/\" target=\"_blank\" data-type=\"gd_place\" data-id=\"16792\" rel=\"noreferrer noopener\">Albergue S\u00f3 Por Hoje Astorga<\/a><\/strong>) and got to relive the taste of my country&#8217;s food. Even with the homesickness, I felt I was exactly where I was meant to be.<\/p>\n\n\n\n<p class=\"wp-block-paragraph\">When the big day arrived, the day I had already lived a million times in my mind, it dawned raining. Then came the fog. At <strong><a href=\"https:\/\/caminodesantiagofrances.com\/en\/a-coruna-province\/monte-do-gozo\/\" target=\"_blank\" data-type=\"page\" data-id=\"12623\" rel=\"noreferrer noopener\">Monte do Gozo<\/a><\/strong>, the spot from which you can already see the city and the Cathedral&#8217;s towers, nothing was visible. I started to get anxious because I didn&#8217;t want to arrive without being able to see. But as I got closer, the sky cleared and I could already make out the towers in the distance. Just before reaching the Plaza del Obradoiro, in <strong><a href=\"https:\/\/caminodesantiagofrances.com\/en\/a-coruna-province\/santiago-de-compostela\/\" target=\"_blank\" data-type=\"page\" data-id=\"12306\" rel=\"noreferrer noopener\">Santiago de Compostela<\/a><\/strong>, emotion overwhelmed me. A man was playing the medieval tune &#8220;Dum Pater Familias&#8221;, also known as &#8220;Canto de Ultreya&#8221; or the &#8220;Song of the Flemish Pilgrims&#8221;. This melody, one of the oldest referring to the cult of Saint James, accompanies pilgrims as they arrive at the square and the Cathedral. I had already seen several videos of that moment. But being there, feeling it, living it, being moved by it\u2026 was inexplicable. And guess what? Even the sun came out to welcome me!<\/p>\n\n\n\n<p class=\"wp-block-paragraph\">Sitting there, with the <strong><a href=\"https:\/\/caminodesantiagofrances.com\/en\/lo\/catedral-de-santiago\/\" target=\"_blank\" data-type=\"gd_place\" data-id=\"12591\" rel=\"noreferrer noopener\">Catedral de Santiago<\/a><\/strong> in front of me, my backpack by my side, many emotions surfaced: laughter, tears, thoughts about my family, my mother, everything I had been through in recent years, how much I had longed to be there. For a long while I stayed sitting, living and savouring the moment, feeling alive and grateful for everything.<\/p>\n\n\n\n<p class=\"wp-block-paragraph\">I&#8217;m currently writing a book to tell everything I lived through and learned, a book that also talks about courage. What life asks of us is courage: courage to go looking, courage not to give up. Those who walk understand that the right moment is the one you&#8217;re living, not the one you&#8217;re waiting for. The wet ground, the headwind, the unexpected\u2026 all of that teaches more than calm ever does. The Camino never promises comfort, but it always offers learning.<\/p>\n\n\n\n<h3 class=\"wp-block-heading\">Gracieli Fernandes<\/h3>\n\n\n\n<p class=\"wp-block-paragraph\">Instagram: <strong><a href=\"https:\/\/www.instagram.com\/gracieli_fer\/\" target=\"_blank\" data-type=\"link\" data-id=\"https:\/\/www.instagram.com\/gracieli_fer\/\" rel=\"noreferrer noopener nofollow\">gracieli_fer<\/a><\/strong><\/p>\n\n\n\n<hr class=\"wp-block-separator has-alpha-channel-opacity\"\/>\n\n\n\n<p class=\"wp-block-paragraph\">Brazilian Portuguese Version<\/p>\n\n\n\n<h2 class=\"wp-block-heading has-text-align-center\">Uma mochila e um sonho realizado<\/h2>\n\n\n\n<p class=\"wp-block-paragraph\">O Caminho de Santiago foi a experi\u00eancia mais incr\u00edvel que vivi em meus 36 anos de vida. Fiz o Caminho Franc\u00eas entre agosto e setembro de 2024, em 29 dias e sozinha. O Caminho foi m\u00e1gico e especial; me proporcionou a experi\u00eancia de estar em movimento, de sentir o corpo e a mente se ajustando ao ritmo da viagem e de compreender que, no fim, o verdadeiro Caminho n\u00e3o estava apenas \u00e0 minha frente, mas dentro de mim.<\/p>\n\n\n\n<p class=\"wp-block-paragraph\">Sa\u00ed de muito longe, do sul do Brasil, para viv\u00ea-lo. O Caminho foi se transformando em uma sequ\u00eancia de pequenos encontros com o mundo e comigo mesma, deixando de ser apenas uma lista de quil\u00f4metros a percorrer. Ele me permitiu caminhar sem pressa, viver e prestar aten\u00e7\u00e3o a cada detalhe, a cada sensa\u00e7\u00e3o \u2014 coisas que na rotina do dia a dia costumamos n\u00e3o perceber. Cada etapa trouxe consigo desafios e descobertas, momentos de esfor\u00e7o f\u00edsico, de sil\u00eancio interior, de encontros inesperados e reflex\u00f5es que se acumularam passo a passo.<\/p>\n\n\n\n<p class=\"wp-block-paragraph\">Foram muitas pessoas, muitas conversas, muitos aprendizados, muitos quil\u00f4metros percorridos pela natureza, mas tamb\u00e9m muitas horas de sil\u00eancio e reflex\u00e3o. Tudo no Caminho tinha um prop\u00f3sito. Ele transformou meu modo de pensar, de ver, de me sentir livre. Fiz todo o Caminho Franc\u00eas sozinha. Muitos dias eu come\u00e7ava a caminhar de madrugada, no escuro, \u00e0s vezes com algu\u00e9m por perto, \u00e0s vezes com ningu\u00e9m \u2014 s\u00f3 eu, Deus e o Caminho. E, por incr\u00edvel que pare\u00e7a, n\u00e3o senti medo em momento algum. Ali eu me sentia em casa e protegida.<\/p>\n\n\n\n<p class=\"wp-block-paragraph\">Quando sa\u00ed de Saint-Jean-Pied-de-Port, errei a rota. Eu errei no primeiro dia&#8230; NO PRIMEIRO DIA! Eu estava em uma mistura de emo\u00e7\u00e3o, ansiedade e tantos sentimentos que simplesmente continuei caminhando sem perceber que deveria me manter \u00e0 direita. Quando notei que j\u00e1 n\u00e3o havia ningu\u00e9m por perto, consultei os aplicativos e vi que estava no caminho errado. Mas tudo bem, isso acontece quando a gente vive os pr\u00f3prios sonhos! O trajeto, por\u00e9m, foi lindo \u2014 extremamente lindo! Eu o desejava profundamente, especialmente a travessia dos Pireneus, a cadeia montanhosa do sul da Fran\u00e7a. O amanhecer foi um espet\u00e1culo \u00e0 parte, indescrit\u00edvel. Paisagens encantadoras, de tirar o f\u00f4lego; ovelhas, cavalos; muitas subidas sem sombra e depois descidas bem \u00edngremes. A mochila pesava bastante, os ombros do\u00edam, mas era o primeiro dia de adapta\u00e7\u00e3o&#8230; para mim, para o meu corpo, para ele com a mochila. A partir dali ser\u00edamos um s\u00f3, por muitos dias.<\/p>\n\n\n\n<p class=\"wp-block-paragraph\">No 19\u00ba dia do Caminho, nas Mesetas, completei 35 anos e passei a noite em Astorga, uma cidade lind\u00edssima, cercada por muralhas. Nesse dia, fiquei em um albergue brasileiro e pude reviver o sabor da comida do meu pa\u00eds. Mesmo com a saudade de casa, sentia que estava exatamente onde deveria estar.<\/p>\n\n\n\n<p class=\"wp-block-paragraph\">Quando chegou o grande dia \u2014 aquele que eu j\u00e1 tinha vivido um milh\u00e3o de vezes na minha mente \u2014, amanheceu chovendo. Depois veio a neblina. No Monte do Gozo, lugar de onde j\u00e1 se pode ver a cidade e as torres da Catedral, n\u00e3o se via nada. Comecei a ficar ansiosa porque n\u00e3o queria chegar sem poder ver. Mas, \u00e0 medida que me aproximava, o c\u00e9u se abriu e j\u00e1 pude avistar as torres ao longe. Pouco antes de chegar \u00e0 Pra\u00e7a do Obradoiro, em Santiago de Compostela, a emo\u00e7\u00e3o tomou conta de mim. Um senhor tocava a m\u00fasica medieval \u201cDum Pater Familias\u201d, tamb\u00e9m conhecida como \u201cCanto de Ultreia\u201d ou \u201cCan\u00e7\u00e3o dos Peregrinos Flamengos\u201d. Essa melodia, uma das mais antigas que fazem refer\u00eancia ao culto a Santiago, acompanha os peregrinos que chegam \u00e0 pra\u00e7a e \u00e0 Catedral. Eu j\u00e1 tinha visto v\u00e1rios v\u00eddeos desse momento. Mas estar ali, sentir, viver, emocionar-me&#8230; foi inexplic\u00e1vel. E adivinhem? At\u00e9 o sol apareceu para me receber!<\/p>\n\n\n\n<p class=\"wp-block-paragraph\">Ali sentada, com a Catedral \u00e0 minha frente e a mochila ao lado, muitas emo\u00e7\u00f5es vieram \u00e0 tona: risos, l\u00e1grimas, pensamentos sobre minha fam\u00edlia, minha m\u00e3e, tudo o que eu tinha vivido nos \u00faltimos anos, o quanto eu desejara estar ali. Por um longo tempo permaneci sentada, vivendo e apreciando o momento, sentindo-me viva e agradecendo por tudo.<\/p>\n\n\n\n<p class=\"wp-block-paragraph\">Atualmente, estou escrevendo um livro para contar tudo o que vivi e aprendi \u2014 um livro que tamb\u00e9m fala sobre coragem. O que a vida nos pede \u00e9 coragem: coragem para ir em busca, coragem para n\u00e3o desistir. Quem caminha entende que o momento certo \u00e9 o que se vive, n\u00e3o o que se espera. O ch\u00e3o molhado, o vento contra, o imprevisto&#8230; tudo isso ensina mais do que a calmaria. O Caminho nunca promete conforto, mas sempre oferece aprendizado.<\/p>\n","protected":false},"excerpt":{"rendered":"<p>A Backpack and a Dream Come True The Camino de Santiago was the most incredible experience I&#8217;ve had in my 36 years of life. I walked the Camino Frances between August and September 2024, in 29 days, alone. The Camino was magical and special; it gave me the experience of being in motion, of feeling [&hellip;]<\/p>\n","protected":false},"author":1,"featured_media":17156,"comment_status":"closed","ping_status":"closed","sticky":false,"template":"","format":"standard","meta":{"footnotes":""},"categories":[729],"tags":[730],"class_list":["post-17155","post","type-post","status-publish","format-standard","has-post-thumbnail","hentry","category-relatos-de-peregrinos","tag-un-relato-al-dia"],"_links":{"self":[{"href":"https:\/\/caminodesantiagofrances.com\/en\/wp-json\/wp\/v2\/posts\/17155","targetHints":{"allow":["GET"]}}],"collection":[{"href":"https:\/\/caminodesantiagofrances.com\/en\/wp-json\/wp\/v2\/posts"}],"about":[{"href":"https:\/\/caminodesantiagofrances.com\/en\/wp-json\/wp\/v2\/types\/post"}],"author":[{"embeddable":true,"href":"https:\/\/caminodesantiagofrances.com\/en\/wp-json\/wp\/v2\/users\/1"}],"replies":[{"embeddable":true,"href":"https:\/\/caminodesantiagofrances.com\/en\/wp-json\/wp\/v2\/comments?post=17155"}],"version-history":[{"count":0,"href":"https:\/\/caminodesantiagofrances.com\/en\/wp-json\/wp\/v2\/posts\/17155\/revisions"}],"wp:featuredmedia":[{"embeddable":true,"href":"https:\/\/caminodesantiagofrances.com\/en\/wp-json\/wp\/v2\/media\/17156"}],"wp:attachment":[{"href":"https:\/\/caminodesantiagofrances.com\/en\/wp-json\/wp\/v2\/media?parent=17155"}],"wp:term":[{"taxonomy":"category","embeddable":true,"href":"https:\/\/caminodesantiagofrances.com\/en\/wp-json\/wp\/v2\/categories?post=17155"},{"taxonomy":"post_tag","embeddable":true,"href":"https:\/\/caminodesantiagofrances.com\/en\/wp-json\/wp\/v2\/tags?post=17155"}],"curies":[{"name":"wp","href":"https:\/\/api.w.org\/{rel}","templated":true}]}}