{"id":17161,"date":"2025-11-17T10:06:00","date_gmt":"2025-11-17T09:06:00","guid":{"rendered":"https:\/\/caminodesantiagofrances.com\/en\/?p=17161"},"modified":"2025-11-17T15:12:07","modified_gmt":"2025-11-17T14:12:07","slug":"el-camino-ensena","status":"publish","type":"post","link":"https:\/\/caminodesantiagofrances.com\/en\/el-camino-ensena\/","title":{"rendered":"El Camino ense\u00f1a"},"content":{"rendered":"\n<h2 class=\"wp-block-heading has-text-align-center\">El Camino ense\u00f1a<\/h2>\n\n\n\n<p class=\"wp-block-paragraph\">Sin saber realmente hacia d\u00f3nde me llevaba, pero con la certeza de que cada paso ten\u00eda un prop\u00f3sito que todav\u00eda no entend\u00eda. Al principio, el Camino era f\u00edsico: cansancio, calor, lluvia. El cuerpo protestaba y la mente dudaba. Me preguntaba por qu\u00e9 lo hab\u00eda emprendido, por qu\u00e9 hab\u00eda dejado la comodidad de mi rutina para dormir en albergues compartidos y despertar antes del amanecer.<\/p>\n\n\n\n<p class=\"wp-block-paragraph\">Pero a medida que los d\u00edas pasaban, algo comenz\u00f3 a cambiar. El ruido interior se fue apagando, y en su lugar apareci\u00f3 una calma nueva, una sensaci\u00f3n de ligereza que no ten\u00eda que ver con el peso de la mochila, sino con el de las preocupaciones.<\/p>\n\n\n\n<p class=\"wp-block-paragraph\">Cada d\u00eda era un peque\u00f1o mundo: el saludo de un desconocido, donde lo que m\u00e1s se escuchaba era \u201c<strong>Buen Camino<\/strong>\u201d, una conversaci\u00f3n breve que parec\u00eda eterna, un amanecer distinto cada d\u00eda. En el Camino, los desconocidos se volv\u00edan compa\u00f1eros, los silencios se llenaban de comprensi\u00f3n y las distancias se med\u00edan m\u00e1s con el alma que con los kil\u00f3metros.<\/p>\n\n\n\n<p class=\"wp-block-paragraph\">Aprend\u00ed que la meta no era Santiago, sino cada paso, cada instante de presencia.<\/p>\n\n\n\n<p class=\"wp-block-paragraph\">Recuerdo un amanecer de <strong><a href=\"https:\/\/caminodesantiagofrances.com\/en\/provincia-a-coruna\/arzua\/\" target=\"_blank\" data-type=\"page\" data-id=\"12606\" rel=\"noreferrer noopener\">Arz\u00faa<\/a><\/strong>. El cielo se abr\u00eda en mil tonos de naranja y amarillo, y observ\u00e1bamos en silencio c\u00f3mo el sol sal\u00eda detr\u00e1s de las monta\u00f1as. Nadie hablaba. No hac\u00eda falta. En ese momento entend\u00ed que el Camino era una met\u00e1fora de la vida: <\/p>\n\n\n\n<blockquote class=\"wp-block-quote\">\n<p class=\"wp-block-paragraph\">\u201cAvanzamos sin saber exactamente qu\u00e9 nos espera, cargando con lo que creemos necesario, pero descubriendo, con el tiempo, que casi todo lo que pesa de verdad est\u00e1 dentro\u201d<\/p>\n<\/blockquote>\n\n\n\n<p class=\"wp-block-paragraph\">En los \u00faltimos d\u00edas, cuando la <strong><a href=\"https:\/\/caminodesantiagofrances.com\/en\/lo\/catedral-de-santiago\/\" target=\"_blank\" data-type=\"gd_place\" data-id=\"12591\" rel=\"noreferrer noopener\">Catedral de Santiago<\/a><\/strong> ya parec\u00eda cercana, sent\u00ed una mezcla de emoci\u00f3n y melancol\u00eda. No quer\u00eda que terminara. El Camino se hab\u00eda vuelto un hogar en movimiento, un espacio donde todo era sencillo y verdadero. Entrar en la Plaza del Obradoiro fue como cerrar un c\u00edrculo, cumplir un sue\u00f1o, como algo \u201cimposible\u201d. Vi la fachada imponente de la catedral y, al verla se me saltaron las l\u00e1grimas. No de tristeza, sino de gratitud. Al abrazar al ap\u00f3stol, comprend\u00ed que no era el mismo que hab\u00eda comenzado a caminar. Hab\u00eda dejado atr\u00e1s algo de m\u00ed, quiz\u00e1s la prisa, quiz\u00e1s el miedo, y en su lugar me llevaba una nueva forma de mirar el mundo.<\/p>\n\n\n\n<p class=\"wp-block-paragraph\">Ahora, de vuelta en casa, cada vez que escucho el sonido de mis pasos en la calle o siento el peso de una mochila, recuerdo aquel Camino. Entiendo que no se termina al llegar a <a href=\"https:\/\/caminodesantiagofrances.com\/en\/provincia-a-coruna\/santiago-de-compostela\/\" target=\"_blank\" data-type=\"page\" data-id=\"12306\" rel=\"noreferrer noopener\">Santiago de Compostela<\/a>: el verdadero Camino empieza cuando regresas, teniendo esa nostalgia de aquellos recuerdos, cuando intentas mantener viva esa claridad, esa paz, en medio del ruido de la vida cotidiana.<\/p>\n\n\n\n<p class=\"wp-block-paragraph\">Y as\u00ed, cada d\u00eda, al andar, s\u00e9 que de alguna manera sigo en el Camino.<\/p>\n\n\n\n<p class=\"wp-block-paragraph\">Octubre 2025<\/p>\n\n\n\n<h5 class=\"wp-block-heading\">Adri\u00e1n Gazaba<\/h5>\n\n\n\n<h5 class=\"wp-block-heading\"><strong><a href=\"https:\/\/www.instagram.com\/adriiangazaba\/\" target=\"_blank\" data-type=\"link\" data-id=\"https:\/\/www.instagram.com\/adriiangazaba\/\" rel=\"noreferrer noopener nofollow\">@adriiangazaba<\/a><\/strong><\/h5>\n\n\n\n<h5 class=\"wp-block-heading\"><strong><a href=\"https:\/\/www.instagram.com\/adriangazabafotografia\/\" target=\"_blank\" data-type=\"link\" data-id=\"https:\/\/www.instagram.com\/adriangazabafotografia\/\" rel=\"noreferrer noopener nofollow\">@adriangazabafotografia<\/a><\/strong><\/h5>\n","protected":false},"excerpt":{"rendered":"<p>El Camino ense\u00f1a Sin saber realmente hacia d\u00f3nde me llevaba, pero con la certeza de que cada paso ten\u00eda un prop\u00f3sito que todav\u00eda no entend\u00eda. Al principio, el Camino era f\u00edsico: cansancio, calor, lluvia. El cuerpo protestaba y la mente dudaba. Me preguntaba por qu\u00e9 lo hab\u00eda emprendido, por qu\u00e9 hab\u00eda dejado la comodidad de [&hellip;]<\/p>\n","protected":false},"author":1,"featured_media":17162,"comment_status":"closed","ping_status":"closed","sticky":false,"template":"","format":"standard","meta":{"footnotes":""},"categories":[729],"tags":[730],"class_list":["post-17161","post","type-post","status-publish","format-standard","has-post-thumbnail","hentry","category-relatos-de-peregrinos","tag-un-relato-al-dia"],"_links":{"self":[{"href":"https:\/\/caminodesantiagofrances.com\/en\/wp-json\/wp\/v2\/posts\/17161","targetHints":{"allow":["GET"]}}],"collection":[{"href":"https:\/\/caminodesantiagofrances.com\/en\/wp-json\/wp\/v2\/posts"}],"about":[{"href":"https:\/\/caminodesantiagofrances.com\/en\/wp-json\/wp\/v2\/types\/post"}],"author":[{"embeddable":true,"href":"https:\/\/caminodesantiagofrances.com\/en\/wp-json\/wp\/v2\/users\/1"}],"replies":[{"embeddable":true,"href":"https:\/\/caminodesantiagofrances.com\/en\/wp-json\/wp\/v2\/comments?post=17161"}],"version-history":[{"count":0,"href":"https:\/\/caminodesantiagofrances.com\/en\/wp-json\/wp\/v2\/posts\/17161\/revisions"}],"wp:featuredmedia":[{"embeddable":true,"href":"https:\/\/caminodesantiagofrances.com\/en\/wp-json\/wp\/v2\/media\/17162"}],"wp:attachment":[{"href":"https:\/\/caminodesantiagofrances.com\/en\/wp-json\/wp\/v2\/media?parent=17161"}],"wp:term":[{"taxonomy":"category","embeddable":true,"href":"https:\/\/caminodesantiagofrances.com\/en\/wp-json\/wp\/v2\/categories?post=17161"},{"taxonomy":"post_tag","embeddable":true,"href":"https:\/\/caminodesantiagofrances.com\/en\/wp-json\/wp\/v2\/tags?post=17161"}],"curies":[{"name":"wp","href":"https:\/\/api.w.org\/{rel}","templated":true}]}}