{"id":17170,"date":"2025-11-14T15:26:26","date_gmt":"2025-11-14T14:26:26","guid":{"rendered":"https:\/\/caminodesantiagofrances.com\/en\/?p=17170"},"modified":"2025-11-16T10:11:39","modified_gmt":"2025-11-16T09:11:39","slug":"suenos","status":"publish","type":"post","link":"https:\/\/caminodesantiagofrances.com\/en\/suenos\/","title":{"rendered":"Sue\u00f1os"},"content":{"rendered":"\n<h2 class=\"wp-block-heading has-text-align-center\">Sue\u00f1os por Claudia Martinez<\/h2>\n\n\n\n<p class=\"wp-block-paragraph\">Un 8 de septiembre todas mis emociones se reflejaron en 32 d\u00edas y 779km caminando desde <strong><a href=\"https:\/\/caminodesantiagofrances.com\/en\/francia\/saint-jean-pied-de-port\/\" target=\"_blank\" rel=\"noreferrer noopener\">Saint-Jean-Pied-de-Port<\/a><\/strong> y pasando cada etapa con gente de diferentes pa\u00edses que se convierten en mis hermanos y albergues que nos recibieron siempre como si fu\u00e9ramos familia \u2026.cada d\u00eda era diferente y cada noche era un descanso y dar gracias por un nuevo d\u00eda y una nueva aventura el \u00faltimo d\u00eda se reflejo con angustia por que termine una linda aventura, llegue a la <strong><a href=\"https:\/\/caminodesantiagofrances.com\/en\/lo\/catedral-de-santiago\/\" target=\"_blank\" data-type=\"gd_place\" data-id=\"12591\" rel=\"noreferrer noopener\">Catedral de Santiago<\/a><\/strong> la cual so\u00f1\u00e9 y se cumpli\u00f3 con todo lo que me contaron \u2026las despedidas y las emociones las guardo como un tesoro y espero seguir la senda de Santiago volvere<\/p>\n\n\n\n<h4 class=\"wp-block-heading\">ULTREIA!!!!<\/h4>\n\n\n\n<h5 class=\"wp-block-heading\">Claudia Martinez Flores<\/h5>\n\n\n\n<h5 class=\"wp-block-heading\">Instagram: <strong><a href=\"https:\/\/www.instagram.com\/klaumartinez\/\" data-type=\"link\" data-id=\"https:\/\/www.instagram.com\/klaumartinez\/\" target=\"_blank\" rel=\"noreferrer noopener nofollow\">@Klaumartinez<\/a><\/strong><\/h5>\n\n\n\n<p class=\"wp-block-paragraph\"><\/p>\n","protected":false},"excerpt":{"rendered":"<p>Sue\u00f1os por Claudia Martinez Un 8 de septiembre todas mis emociones se reflejaron en 32 d\u00edas y 779km caminando desde Saint-Jean-Pied-de-Port y pasando cada etapa con gente de diferentes pa\u00edses que se convierten en mis hermanos y albergues que nos recibieron siempre como si fu\u00e9ramos familia \u2026.cada d\u00eda era diferente y cada noche era un [&hellip;]<\/p>\n","protected":false},"author":1,"featured_media":17171,"comment_status":"closed","ping_status":"closed","sticky":false,"template":"","format":"standard","meta":{"footnotes":""},"categories":[729],"tags":[730],"class_list":["post-17170","post","type-post","status-publish","format-standard","has-post-thumbnail","hentry","category-relatos-de-peregrinos","tag-un-relato-al-dia"],"_links":{"self":[{"href":"https:\/\/caminodesantiagofrances.com\/en\/wp-json\/wp\/v2\/posts\/17170","targetHints":{"allow":["GET"]}}],"collection":[{"href":"https:\/\/caminodesantiagofrances.com\/en\/wp-json\/wp\/v2\/posts"}],"about":[{"href":"https:\/\/caminodesantiagofrances.com\/en\/wp-json\/wp\/v2\/types\/post"}],"author":[{"embeddable":true,"href":"https:\/\/caminodesantiagofrances.com\/en\/wp-json\/wp\/v2\/users\/1"}],"replies":[{"embeddable":true,"href":"https:\/\/caminodesantiagofrances.com\/en\/wp-json\/wp\/v2\/comments?post=17170"}],"version-history":[{"count":0,"href":"https:\/\/caminodesantiagofrances.com\/en\/wp-json\/wp\/v2\/posts\/17170\/revisions"}],"wp:featuredmedia":[{"embeddable":true,"href":"https:\/\/caminodesantiagofrances.com\/en\/wp-json\/wp\/v2\/media\/17171"}],"wp:attachment":[{"href":"https:\/\/caminodesantiagofrances.com\/en\/wp-json\/wp\/v2\/media?parent=17170"}],"wp:term":[{"taxonomy":"category","embeddable":true,"href":"https:\/\/caminodesantiagofrances.com\/en\/wp-json\/wp\/v2\/categories?post=17170"},{"taxonomy":"post_tag","embeddable":true,"href":"https:\/\/caminodesantiagofrances.com\/en\/wp-json\/wp\/v2\/tags?post=17170"}],"curies":[{"name":"wp","href":"https:\/\/api.w.org\/{rel}","templated":true}]}}