{"id":17177,"date":"2025-11-20T13:45:49","date_gmt":"2025-11-20T12:45:49","guid":{"rendered":"https:\/\/caminodesantiagofrances.com\/en\/?p=17177"},"modified":"2025-11-20T13:45:51","modified_gmt":"2025-11-20T12:45:51","slug":"historia-peregrina","status":"publish","type":"post","link":"https:\/\/caminodesantiagofrances.com\/en\/historia-peregrina\/","title":{"rendered":"Historia peregrina"},"content":{"rendered":"\n<h2 class=\"wp-block-heading has-text-align-center\">Del Piamonte Pirenaico a Santiago: 66 d\u00edas siguiendo la intuici\u00f3n<\/h2>\n\n\n\n<p class=\"wp-block-paragraph\">Descubr\u00ed la peregrinaci\u00f3n a Compostela el a\u00f1o pasado caminando desde Le Puy-en-Velay hasta Fisterra, 99 d\u00edas de marcha por el Norte\/Primitivo. Una experiencia conmovedora que devolvi\u00f3 la vida a mi cuerpo y a mi esp\u00edritu despu\u00e9s de haber rozado la muerte.<\/p>\n\n\n\n<p class=\"wp-block-paragraph\">No esperaba que el camino me llamara de nuevo en 2025 y as\u00ed fue como acab\u00e9 en el camino del Piamonte Pirenaico en Francia.<\/p>\n\n\n\n<p class=\"wp-block-paragraph\">Part\u00ed de Pamiers el 10 de septiembre para \u00abunos d\u00edas\u00bb. Luego, al hilo de los encuentros, me encontr\u00e9 cruzando el puerto de Somport y tomando el <strong>Camino Aragon\u00e9s<\/strong>. Paisajes impresionantes, mucho desnivel y pocos <a href=\"https:\/\/caminodesantiagofrances.com\/en\/peregrinos\/\" data-type=\"page\" data-id=\"5880\">peregrinos<\/a>. \u00a1Vaya viaje interior!<\/p>\n\n\n\n<p class=\"wp-block-paragraph\">Luego, al llegar a <strong><a href=\"https:\/\/caminodesantiagofrances.com\/en\/navarra\/puente-la-reina\/\" data-type=\"page\" data-id=\"11078\">Puente de la Reina<\/a><\/strong> en el <strong><a href=\"https:\/\/caminodesantiagofrances.com\/en\/\" target=\"_blank\" data-type=\"page\" data-id=\"86\" rel=\"noreferrer noopener\">Camino de Santiago Franc\u00e9s<\/a><\/strong>, hab\u00eda previsto volver a subir a Francia pero mi intuici\u00f3n decidi\u00f3 otra cosa. Camino entonces en direcci\u00f3n a Compostela sin saber muy bien por qu\u00e9. Temo la multitud y el lado tur\u00edstico de este camino, pero mi experiencia en los donativos ha cambiado por completo la imagen que ten\u00eda de \u00e9l. Descubro entonces con alegr\u00eda una nueva energ\u00eda, nuevos paisajes y tengo muchos encuentros hermosos. Un verdadero flechazo por la Meseta, porque es en el silencio donde se puede o\u00edr su peque\u00f1a voz interior.<\/p>\n\n\n\n<p class=\"wp-block-paragraph\">Despu\u00e9s, al llegar a <strong><a href=\"https:\/\/caminodesantiagofrances.com\/en\/provincia-de-leon\/ponferrada\/\" data-type=\"page\" data-id=\"11776\">Ponferrada<\/a><\/strong>, reaparece el deseo de naturaleza y silencio. As\u00ed que tom\u00e9 el Camino de Invierno y compr\u00e9 una tienda para descubrir el vivac. Llevaba mucho tiempo so\u00f1ando con ello, era la ocasi\u00f3n. Y aqu\u00ed estoy llegando a <strong><a href=\"https:\/\/caminodesantiagofrances.com\/en\/provincia-a-coruna\/santiago-de-compostela\/\" target=\"_blank\" data-type=\"page\" data-id=\"12306\" rel=\"noreferrer noopener\">Santiago de Compostela<\/a><\/strong> 66 d\u00edas m\u00e1s tarde, cuando no estaba previsto. \u00a1La magia de la intuici\u00f3n!<\/p>\n\n\n\n<p class=\"wp-block-paragraph\">Feliz de volver a ver Santiago y todo el camino interior que he recorrido desde entonces. Caminar es el mejor terapeuta que existe.<\/p>\n\n\n\n<h5 class=\"wp-block-heading\">Cl\u00e9mence Forien<\/h5>\n\n\n\n<h5 class=\"wp-block-heading\">Instagram: <strong><a href=\"https:\/\/www.instagram.com\/clemence.forien\/\" target=\"_blank\" data-type=\"link\" data-id=\"https:\/\/www.instagram.com\/clemence.forien\/\" rel=\"noreferrer noopener nofollow\">clemence.forien<\/a><\/strong><\/h5>\n\n\n\n<hr class=\"wp-block-separator has-alpha-channel-opacity\"\/>\n\n\n\n<p class=\"wp-block-paragraph\">Version en fran\u00e7ais:<\/p>\n\n\n\n<h2 class=\"wp-block-heading has-text-align-center\">Histoire de p\u00e8lerine<\/h2>\n\n\n\n<p class=\"wp-block-paragraph\">J\u2019ai d\u00e9couvert le p\u00e8lerinage de Compostelle l\u2019ann\u00e9e derni\u00e8re en marchant du Puy en Velay \u00e0 Fisterra, 99 jours de marche par le Norte\/Primitivo. Une exp\u00e9rience bouleversante qui a redonn\u00e9 vie \u00e0 mon corps et mon esprit apr\u00e8s avoir fr\u00f4l\u00e9 la mort.<\/p>\n\n\n\n<p class=\"wp-block-paragraph\">Je ne m\u2019attendais pas \u00e0 ce que le chemin me rappelle en 2025 et c\u2019est ainsi que j\u2019ai atteri sur le chemin du Pi\u00e9mont Pyr\u00e9n\u00e9ens en France.<\/p>\n\n\n\n<p class=\"wp-block-paragraph\">Je suis partie de Pamiers le 10 septembre pour \u00ab quelques jours \u00bb. Puis, au fil des rencontres, je me suis retrouv\u00e9e \u00e0 traverser le col du Somport et emprunter le chemin Aragon\u00e9s. Des paysages \u00e0 couper le souffle, beaucoup de d\u00e9nivel\u00e9s et peu de p\u00e8lerins. Un sacr\u00e9 voyage int\u00e9rieur !<\/p>\n\n\n\n<p class=\"wp-block-paragraph\">Puis, arriv\u00e9e \u00e0 Puente de la Reina sur le chemin fran\u00e7ais, j\u2019avais pr\u00e9vu de remonter en France mais mon intuition en a d\u00e9cid\u00e9 autrement. Je marche donc direction Compostelle sans trop savoir pourquoi. Je redoute le monde et le c\u00f4t\u00e9 touristique de ce chemin mais mon exp\u00e9rience dans les donativo a compl\u00e8tement chang\u00e9 l\u2019image que j\u2019en avais. Je d\u00e9couvre donc avec joie une nouvelle \u00e9nergie, de nouveaux d\u00e9cors et je fais pleins de belles rencontres. Un vrai coup de c\u0153ur pour la Meseta car c\u2019est dans le silence qu\u2019on peut entendre sa petite voix int\u00e9rieur.<\/p>\n\n\n\n<p class=\"wp-block-paragraph\">Puis, arriv\u00e9e \u00e0 Ponferrada, l\u2019envie de nature et de silence r\u00e9appara\u00eet. J\u2019ai donc bifurqu\u00e9 sur le camino invierno et achet\u00e9 une tente pour d\u00e9couvrir le bivouac. J\u2019en r\u00eavais depuis longtemps, c\u2019\u00e9tait l\u2019occasion. Et me voil\u00e0 arriver \u00e0 Santiago 66 jours plus tard alors que ce n\u2019\u00e9tait pas pr\u00e9vu. La magie de l\u2019intuition !<\/p>\n\n\n\n<p class=\"wp-block-paragraph\">Heureuse de revoir Santiago et tout le chemin int\u00e9rieur que j\u2019ai parcouru depuis. La marche est le meilleur th\u00e9rapeute qui existe.<\/p>\n","protected":false},"excerpt":{"rendered":"<p>Del Piamonte Pirenaico a Santiago: 66 d\u00edas siguiendo la intuici\u00f3n Descubr\u00ed la peregrinaci\u00f3n a Compostela el a\u00f1o pasado caminando desde Le Puy-en-Velay hasta Fisterra, 99 d\u00edas de marcha por el Norte\/Primitivo. Una experiencia conmovedora que devolvi\u00f3 la vida a mi cuerpo y a mi esp\u00edritu despu\u00e9s de haber rozado la muerte. No esperaba que el [&hellip;]<\/p>\n","protected":false},"author":1,"featured_media":17178,"comment_status":"closed","ping_status":"closed","sticky":false,"template":"","format":"standard","meta":{"footnotes":""},"categories":[729],"tags":[730],"class_list":["post-17177","post","type-post","status-publish","format-standard","has-post-thumbnail","hentry","category-relatos-de-peregrinos","tag-un-relato-al-dia"],"_links":{"self":[{"href":"https:\/\/caminodesantiagofrances.com\/en\/wp-json\/wp\/v2\/posts\/17177","targetHints":{"allow":["GET"]}}],"collection":[{"href":"https:\/\/caminodesantiagofrances.com\/en\/wp-json\/wp\/v2\/posts"}],"about":[{"href":"https:\/\/caminodesantiagofrances.com\/en\/wp-json\/wp\/v2\/types\/post"}],"author":[{"embeddable":true,"href":"https:\/\/caminodesantiagofrances.com\/en\/wp-json\/wp\/v2\/users\/1"}],"replies":[{"embeddable":true,"href":"https:\/\/caminodesantiagofrances.com\/en\/wp-json\/wp\/v2\/comments?post=17177"}],"version-history":[{"count":0,"href":"https:\/\/caminodesantiagofrances.com\/en\/wp-json\/wp\/v2\/posts\/17177\/revisions"}],"wp:featuredmedia":[{"embeddable":true,"href":"https:\/\/caminodesantiagofrances.com\/en\/wp-json\/wp\/v2\/media\/17178"}],"wp:attachment":[{"href":"https:\/\/caminodesantiagofrances.com\/en\/wp-json\/wp\/v2\/media?parent=17177"}],"wp:term":[{"taxonomy":"category","embeddable":true,"href":"https:\/\/caminodesantiagofrances.com\/en\/wp-json\/wp\/v2\/categories?post=17177"},{"taxonomy":"post_tag","embeddable":true,"href":"https:\/\/caminodesantiagofrances.com\/en\/wp-json\/wp\/v2\/tags?post=17177"}],"curies":[{"name":"wp","href":"https:\/\/api.w.org\/{rel}","templated":true}]}}