{"id":17179,"date":"2025-11-21T14:06:16","date_gmt":"2025-11-21T13:06:16","guid":{"rendered":"https:\/\/caminodesantiagofrances.com\/en\/?p=17179"},"modified":"2025-11-21T14:07:02","modified_gmt":"2025-11-21T13:07:02","slug":"dj-del-camino","status":"publish","type":"post","link":"https:\/\/caminodesantiagofrances.com\/en\/dj-del-camino\/","title":{"rendered":"Dj del Camino"},"content":{"rendered":"\n<p class=\"wp-block-paragraph\">Empec\u00e9 el Camino con un prop\u00f3sito muy claro:<br>encontrarme conmigo misma y superar mis miedos.<br>Despu\u00e9s de un a\u00f1o y medio rompiendo mi vida entera, cerrando ciclos, dejando atr\u00e1s lo que ya no me hac\u00eda bien y reconstruy\u00e9ndome desde cero, necesitaba un punto de inflexi\u00f3n.<br>Un antes y un despu\u00e9s.<br>Y ese \u201cdespu\u00e9s\u201d empez\u00f3 con una mochila, unas botas\u2026 y una idea loca: llevarme una mini mesa de DJ.<\/p>\n\n\n\n<p class=\"wp-block-paragraph\">S\u00ed, una mini mesa de DJ y un altavoz Bluetooth.<br>Porque mi prop\u00f3sito no era solo caminar:<br>era juntar mi m\u00fasica con mi proceso, con mis cambios, crear algo que me moviera por dentro y, de paso, compartirlo con los <strong><a href=\"https:\/\/caminodesantiagofrances.com\/en\/peregrinos\/\" data-type=\"page\" data-id=\"5880\">peregrinos<\/a><\/strong> que se cruzaran en mi camino.<br>Esa idea tan loca me dio una raz\u00f3n m\u00e1s para levantarme cada ma\u00f1ana, incluso en los d\u00edas m\u00e1s duros.<\/p>\n\n\n\n<p class=\"wp-block-paragraph\">Fui sola, pero nunca estuve tan acompa\u00f1ada.<br>Por m\u00ed.<br>Por la naturaleza.<br>Por las personas maravillosas que te regala el <strong><a href=\"https:\/\/caminodesantiagofrances.com\/en\/\" target=\"_blank\" data-type=\"page\" data-id=\"86\" rel=\"noreferrer noopener\">Camino de Santiago Franc\u00e9s<\/a><\/strong> y que se acaban convirtiendo en familia sin buscarlo.<\/p>\n\n\n\n<p class=\"wp-block-paragraph\">Pinchar cada d\u00eda se convirti\u00f3 en un ritual.<br>Al principio me daba mucha verg\u00fcenza.<br>Eran los propios peregrinos quienes me animaban y quienes incluso se ofrec\u00edan a hablar con bares y locales para que yo pudiera pinchar en las paradas.<br>Y ah\u00ed descubr\u00ed un valor que llevaba tiempo escondido:<br>la confianza en m\u00ed misma.<br>Esa que llevaba oculta y que le costaba salir.<br>Pero con el paso de los d\u00edas, las adversidades, los dolores y la emoci\u00f3n del Camino\u2026 volvi\u00f3 a despertar.<br>Y me record\u00f3 que puedo lograr lo que me proponga, aunque me tiemblen las piernas.<\/p>\n\n\n\n<p class=\"wp-block-paragraph\">En las ciudades grandes hac\u00eda un peque\u00f1o movimiento en redes:<br>sub\u00eda un v\u00eddeo, ped\u00eda ayuda, y en cuesti\u00f3n de horas alguien me encontraba un local.<br>Un sitio con mesa grande, buenos altavoces\u2026 y siempre mucha gente dispuesta a celebrar la vida.<br>Se un\u00edan <strong><a href=\"https:\/\/caminodesantiagofrances.com\/en\/peregrinos\/\" data-type=\"page\" data-id=\"5880\">peregrinos<\/a><\/strong>, locales, curiosos\u2026<br>Y cada noche acababa rodeada de agradecimientos, abrazos y personas dici\u00e9ndome que mi m\u00fasica les hab\u00eda dado justo lo que necesitaban.<br>Yo solo pon\u00eda canciones; el Camino hac\u00eda el resto.<\/p>\n\n\n\n<p class=\"wp-block-paragraph\">Hubo etapas en las que no ten\u00eda fuerzas ni para un paso m\u00e1s, sobre todo en los kil\u00f3metros finales.<br>Etapas en las que llor\u00e9, en las que dud\u00e9, en las que pens\u00e9 que no lo conseguir\u00eda.<br>Pero mis ganas de crear un momento bonito para los peregrinos me empujaban siempre un poco m\u00e1s.<br>La m\u00fasica fue mi gasolina.<br>El Camino, mi maestro y mi liberaci\u00f3n.<\/p>\n\n\n\n<p class=\"wp-block-paragraph\">Y lleg\u00f3 un d\u00eda, uno de esos que te parten por dentro, en el que me encontr\u00e9 llorando no por el cansancio, sino porque entend\u00ed que hab\u00eda abandonado a una parte de m\u00ed durante demasiado tiempo.<br>Y all\u00ed, en mitad de un sendero, la perdon\u00e9.<br>Y la recuper\u00e9.<\/p>\n\n\n\n<p class=\"wp-block-paragraph\">El Camino es el Camino de la vida:<br>con sus adversidades, sus regalos, sus sombras y sus luces.<br>Te rompe y te recompone.<br>Te quita lo que sobra y te devuelve lo esencial.<br>Te muestra la verdad y te pone frente a tus mayores miedos.<\/p>\n\n\n\n<p class=\"wp-block-paragraph\">Despu\u00e9s de 33 d\u00edas, llegu\u00e9 a la Plaza del Obradoiro.<br>Y no lleg\u00f3 solo la Yasmina que sali\u00f3 de casa:<br>lleg\u00f3 la Yasmina llena de confianza, de calma y de certeza.<br>La que ya no busca fuera lo que tiene dentro.<br>La que camin\u00f3 sus miedos.<br>La que bail\u00f3 sus heridas.<br>La que entendi\u00f3 que la verdadera compa\u00f1\u00eda empieza dentro.<\/p>\n\n\n\n<p class=\"wp-block-paragraph\">A\u00fan hoy me cuesta aterrizar de todo lo que viv\u00ed.<br>Porque este viaje fue, sin duda,<br>el viaje de mi vida.<br>Siento que he crecido lo que suele tardar a\u00f1os.<br>Que mi prop\u00f3sito como DJ puede llegar a donde yo decida llevarlo.<br>Y que muchas otras cosas en mi vida tambi\u00e9n.<\/p>\n\n\n\n<p class=\"wp-block-paragraph\">Este viaje me dio aprendizaje, confianza, valent\u00eda<br>y personas preciosas que siempre estar\u00e1n en mi historia.<br>Ojal\u00e1 convertir esto en una forma de vivir.<br>Ojal\u00e1 volver el a\u00f1o que viene y seguir caminando.<\/p>\n\n\n\n<p class=\"wp-block-paragraph\">Buen Camino.<\/p>\n\n\n\n<h5 class=\"wp-block-heading\">Yasmina Mart\u00ednez Iglesias<\/h5>\n\n\n\n<h5 class=\"wp-block-heading\">Instagram: <strong><a href=\"https:\/\/www.instagram.com\/santa.gertrudiss\/\" target=\"_blank\" data-type=\"link\" data-id=\"https:\/\/www.instagram.com\/santa.gertrudiss\/\" rel=\"noreferrer noopener nofollow\">santa.gertrudiss<\/a><\/strong><\/h5>\n","protected":false},"excerpt":{"rendered":"<p>Empec\u00e9 el Camino con un prop\u00f3sito muy claro:encontrarme conmigo misma y superar mis miedos.Despu\u00e9s de un a\u00f1o y medio rompiendo mi vida entera, cerrando ciclos, dejando atr\u00e1s lo que ya no me hac\u00eda bien y reconstruy\u00e9ndome desde cero, necesitaba un punto de inflexi\u00f3n.Un antes y un despu\u00e9s.Y ese \u201cdespu\u00e9s\u201d empez\u00f3 con una mochila, unas botas\u2026 [&hellip;]<\/p>\n","protected":false},"author":1,"featured_media":17180,"comment_status":"closed","ping_status":"closed","sticky":false,"template":"","format":"standard","meta":{"footnotes":""},"categories":[729],"tags":[730],"class_list":["post-17179","post","type-post","status-publish","format-standard","has-post-thumbnail","hentry","category-relatos-de-peregrinos","tag-un-relato-al-dia"],"_links":{"self":[{"href":"https:\/\/caminodesantiagofrances.com\/en\/wp-json\/wp\/v2\/posts\/17179","targetHints":{"allow":["GET"]}}],"collection":[{"href":"https:\/\/caminodesantiagofrances.com\/en\/wp-json\/wp\/v2\/posts"}],"about":[{"href":"https:\/\/caminodesantiagofrances.com\/en\/wp-json\/wp\/v2\/types\/post"}],"author":[{"embeddable":true,"href":"https:\/\/caminodesantiagofrances.com\/en\/wp-json\/wp\/v2\/users\/1"}],"replies":[{"embeddable":true,"href":"https:\/\/caminodesantiagofrances.com\/en\/wp-json\/wp\/v2\/comments?post=17179"}],"version-history":[{"count":0,"href":"https:\/\/caminodesantiagofrances.com\/en\/wp-json\/wp\/v2\/posts\/17179\/revisions"}],"wp:featuredmedia":[{"embeddable":true,"href":"https:\/\/caminodesantiagofrances.com\/en\/wp-json\/wp\/v2\/media\/17180"}],"wp:attachment":[{"href":"https:\/\/caminodesantiagofrances.com\/en\/wp-json\/wp\/v2\/media?parent=17179"}],"wp:term":[{"taxonomy":"category","embeddable":true,"href":"https:\/\/caminodesantiagofrances.com\/en\/wp-json\/wp\/v2\/categories?post=17179"},{"taxonomy":"post_tag","embeddable":true,"href":"https:\/\/caminodesantiagofrances.com\/en\/wp-json\/wp\/v2\/tags?post=17179"}],"curies":[{"name":"wp","href":"https:\/\/api.w.org\/{rel}","templated":true}]}}