{"id":17194,"date":"2025-12-17T12:12:00","date_gmt":"2025-12-17T11:12:00","guid":{"rendered":"https:\/\/caminodesantiagofrances.com\/en\/?p=17194"},"modified":"2025-12-16T21:52:30","modified_gmt":"2025-12-16T20:52:30","slug":"un-amor-de-camino","status":"publish","type":"post","link":"https:\/\/caminodesantiagofrances.com\/en\/un-amor-de-camino\/","title":{"rendered":"Un amor de camino"},"content":{"rendered":"\n<p class=\"wp-block-paragraph\">Hice el <strong><a href=\"https:\/\/caminodesantiagofrances.com\/en\/\" data-type=\"page\" data-id=\"86\">Camino de Santiago Franc\u00e9s<\/a><\/strong> por primera vez en agosto de 2023 y, sin saberlo, estaba a punto de vivir una de las experiencias m\u00e1s especiales de mi vida. Llevaba m\u00e1s de un a\u00f1o queri\u00e9ndolo hacer, pero siempre encontraba una excusa: no ten\u00eda con qui\u00e9n ir, nunca hab\u00eda viajado sola y a mis padres la idea les daba aut\u00e9ntico p\u00e1nico. As\u00ed que, como tantas otras veces, antepon\u00eda otros viajes, siempre acompa\u00f1ada, dejando el Camino para \u201calg\u00fan d\u00eda\u201d.<\/p>\n\n\n\n<p class=\"wp-block-paragraph\">Ese \u201calg\u00fan d\u00eda\u201d lleg\u00f3 gracias a mi prima. Nos llevamos 11 a\u00f1os y un d\u00eda me confes\u00f3 que ella tambi\u00e9n so\u00f1aba con hacer el Camino. Sus padres, al igual que los m\u00edos, no quer\u00edan que lo hiciera sola, as\u00ed que fue nuestra oportunidad perfecta. Sin pensarlo demasiado, reservamos los billetes de tren y los albergues y decidimos lanzarnos. A veces, solo necesitas a la persona adecuada para dar el paso.<\/p>\n\n\n\n<p class=\"wp-block-paragraph\">Con much\u00edsima ilusi\u00f3n, cogimos el tren desde Madrid hasta <strong><a href=\"https:\/\/caminodesantiagofrances.com\/en\/provincia-de-lugo\/sarria\/\" target=\"_blank\" data-type=\"page\" data-id=\"12131\" rel=\"noreferrer noopener\">Sarria<\/a><\/strong>, preparad\u00edsimas para los 115 kil\u00f3metros que ten\u00edamos por delante. El primer d\u00eda fue pura emoci\u00f3n: echar a andar, ver a tanta gente en la misma situaci\u00f3n, sentir el buen rollo, la naturaleza. Todo flu\u00eda. Al llegar a <strong><a href=\"https:\/\/caminodesantiagofrances.com\/en\/provincia-de-lugo\/portomarin\/\" target=\"_blank\" data-type=\"page\" data-id=\"12192\" rel=\"noreferrer noopener\">Portomar\u00edn<\/a><\/strong>, dejamos la mochila, orgullosas de nuestra primera etapa, y nos fuimos a tomar algo y a comer. Y ah\u00ed ocurri\u00f3 algo que marcar\u00eda todo mi Camino.<\/p>\n\n\n\n<p class=\"wp-block-paragraph\">Justo enfrente hab\u00eda un chico con barba, una sonrisa que contagiaba y una mirada que hablaba por s\u00ed sola. Nos sonre\u00edmos. \u00c9l estaba con m\u00e1s chicos y, al rato, se acerc\u00f3 para invitarnos a unirnos. Yo encantada, claro. La mayor\u00eda hab\u00eda empezado el Camino solo y \u00e9l, llam\u00e9mosle \u201cel vikingo\u201d ten\u00eda una habilidad incre\u00edble para unir personas. En menos de 20 kil\u00f3metros ya hab\u00eda creado un grupo precioso de personas que estaban haciendo el camino en solitario.<\/p>\n\n\n\n<p class=\"wp-block-paragraph\">Despu\u00e9s de comer, nos fuimos todos juntos a la piscina municipal y all\u00ed hicimos much\u00edsima pi\u00f1a. El segundo d\u00eda, mi prima y yo empezamos nuestra etapa y, casualidades de la vida, el vikingo caminaba cerca. Salimos los tres juntos. Fue una etapa dura por el calor, pero llena de risas, conversaciones infinitas y alguna que otra tirada de ca\u00f1a. Al llegar al final, otra coincidencia: se quedaba en nuestro mismo albergue. \u00bfCasualidad? \u00bfDestino? Lavadora, secadora y reencuentro con el grupo.<\/p>\n\n\n\n<p class=\"wp-block-paragraph\">La tercera etapa ten\u00eda fama de ser la \u201crompepiernas\u201d y nos daba respeto, pero para m\u00ed fue la mejor. Disfrutamos de la naturaleza, de los animales, de los pueblos, de la gente local y de los <a href=\"https:\/\/caminodesantiagofrances.com\/en\/peregrinos\/\" data-type=\"page\" data-id=\"5880\">peregrinos<\/a>. Se uni\u00f3 otro amigo de Valencia y pasamos a ser cuatro. En el Camino todo cambia: todo el mundo es amable, todo el mundo ayuda. Surgen conversaciones que solo pasan all\u00ed:<\/p>\n\n\n\n<blockquote class=\"wp-block-quote\">\n<p class=\"wp-block-paragraph\">\u201c\u00bfQu\u00e9 tal has dormido?\u201d, \u201c\u00bfHas escuchado al de al lado roncar?\u201d, \u201c\u00bfQu\u00e9 tal la rodilla?\u201d, \u201c\u00bfHas conseguido ir al ba\u00f1o?\u201d. <\/p>\n<\/blockquote>\n\n\n\n<p class=\"wp-block-paragraph\">Coincidir varios d\u00edas con las mismas personas crea v\u00ednculos muy especiales.<\/p>\n\n\n\n<p class=\"wp-block-paragraph\">Antes de acabar esa etapa, paramos en un riachuelo. Pies en remojo, una Estrella Galicia bien fr\u00eda y la sensaci\u00f3n de felicidad absoluta. Ese d\u00eda fue muy importante para m\u00ed, porque el vikingo y yo nos besamos a escondidas, como ni\u00f1os peque\u00f1os. Un juego muy divertido. La gente pensaba que \u00e9ramos pareja por nuestra conexi\u00f3n\u2026<\/p>\n\n\n\n<figure class=\"wp-block-image size-large\"><img loading=\"lazy\" decoding=\"async\" width=\"1024\" height=\"768\" src=\"https:\/\/caminodesantiagofrances.com\/en\/wp-content\/uploads\/sites\/3\/2025\/12\/Un-amor-de-camino_2-1024x768.jpg\" alt=\"\" class=\"wp-image-17199\" srcset=\"https:\/\/caminodesantiagofrances.com\/en\/wp-content\/uploads\/sites\/3\/2025\/12\/Un-amor-de-camino_2-1024x768.jpg 1024w, https:\/\/caminodesantiagofrances.com\/en\/wp-content\/uploads\/sites\/3\/2025\/12\/Un-amor-de-camino_2-300x225.jpg 300w, https:\/\/caminodesantiagofrances.com\/en\/wp-content\/uploads\/sites\/3\/2025\/12\/Un-amor-de-camino_2-768x576.jpg 768w, https:\/\/caminodesantiagofrances.com\/en\/wp-content\/uploads\/sites\/3\/2025\/12\/Un-amor-de-camino_2-1536x1152.jpg 1536w, https:\/\/caminodesantiagofrances.com\/en\/wp-content\/uploads\/sites\/3\/2025\/12\/Un-amor-de-camino_2.jpg 2048w\" sizes=\"auto, (max-width: 1024px) 100vw, 1024px\" \/><\/figure>\n\n\n\n<p class=\"wp-block-paragraph\">La cuarta etapa fue igual de bonita. Recuerdo especialmente a una mujer gaditana y a su hijo, a los que conocimos comiendo en el albergue. Me qued\u00e9 embobada escuchando su historia de vida y admirando la buena persona que hab\u00eda criado. Esa noche terminamos todos juntos en una terraza, amigos, amigos de amigos y las mismas caras que llev\u00e1bamos d\u00edas viendo. El tardeo se alarg\u00f3, brindis, bailes y muchas risas.<\/p>\n\n\n\n<p class=\"wp-block-paragraph\">La quinta y \u00faltima etapa la afrontamos con ilusi\u00f3n y tristeza a partes iguales. Lleg\u00e1bamos a la ansiada <strong><a href=\"https:\/\/caminodesantiagofrances.com\/en\/lo\/catedral-de-santiago\/\" target=\"_blank\" data-type=\"gd_place\" data-id=\"12591\" rel=\"noreferrer noopener\">Catedral de Santiago<\/a><\/strong>, pero sab\u00edamos que esta experiencia tocaba a su fin. Ya no \u00e9ramos cuatro, \u00e9ramos muchos m\u00e1s entrando juntos a la Plaza del Obradoiro. Mi amor de Camino, como un amor de verano, ten\u00eda fecha de caducidad, pero fue tan intenso que entramos de la mano. Con l\u00e1grimas en los ojos, solo pude decir: lo consegu\u00ed.<\/p>\n\n\n\n<p class=\"wp-block-paragraph\">Y s\u00ed, el Camino es esfuerzo f\u00edsico, pero para m\u00ed es sobre todo personas, historias, risas, conversaciones y conexiones. Es una experiencia que, de verdad, todo el mundo deber\u00eda vivir al menos una vez en la vida.<\/p>\n\n\n\n<hr class=\"wp-block-separator has-alpha-channel-opacity\"\/>\n\n\n\n<h5 class=\"wp-block-heading\"><strong>M\u00e1bel Fern\u00e1ndez<\/strong><\/h5>\n\n\n\n<h5 class=\"wp-block-heading\">Instagram: <strong><a href=\"https:\/\/www.instagram.com\/viajayviveportres\/\" data-type=\"link\" data-id=\"https:\/\/www.instagram.com\/viajayviveportres\/\" rel=\"nofollow noopener\" target=\"_blank\">@viajayviveportres<\/a><\/strong><\/h5>\n\n\n\n<figure class=\"wp-block-gallery has-nested-images is-layout-flex columns-default is-cropped wp-block-gallery-2\">\n<figure class=\"wp-block-image size-large\"><img loading=\"lazy\" decoding=\"async\" width=\"577\" height=\"1024\" data-id=\"17203\" src=\"https:\/\/caminodesantiagofrances.com\/en\/wp-content\/uploads\/sites\/3\/2025\/12\/Un-amor-de-camino_6-1-577x1024.png\" alt=\"\" class=\"wp-image-17203\" srcset=\"https:\/\/caminodesantiagofrances.com\/en\/wp-content\/uploads\/sites\/3\/2025\/12\/Un-amor-de-camino_6-1-577x1024.png 577w, https:\/\/caminodesantiagofrances.com\/en\/wp-content\/uploads\/sites\/3\/2025\/12\/Un-amor-de-camino_6-1-169x300.png 169w, https:\/\/caminodesantiagofrances.com\/en\/wp-content\/uploads\/sites\/3\/2025\/12\/Un-amor-de-camino_6-1-768x1362.png 768w, https:\/\/caminodesantiagofrances.com\/en\/wp-content\/uploads\/sites\/3\/2025\/12\/Un-amor-de-camino_6-1-866x1536.png 866w, https:\/\/caminodesantiagofrances.com\/en\/wp-content\/uploads\/sites\/3\/2025\/12\/Un-amor-de-camino_6-1.png 1024w\" sizes=\"auto, (max-width: 577px) 100vw, 577px\" \/><\/figure>\n\n\n\n<figure class=\"wp-block-image size-large\"><img loading=\"lazy\" decoding=\"async\" width=\"578\" height=\"1024\" data-id=\"17201\" src=\"https:\/\/caminodesantiagofrances.com\/en\/wp-content\/uploads\/sites\/3\/2025\/12\/Un-amor-de-camino_5-578x1024.jpg\" alt=\"\" class=\"wp-image-17201\" srcset=\"https:\/\/caminodesantiagofrances.com\/en\/wp-content\/uploads\/sites\/3\/2025\/12\/Un-amor-de-camino_5-578x1024.jpg 578w, https:\/\/caminodesantiagofrances.com\/en\/wp-content\/uploads\/sites\/3\/2025\/12\/Un-amor-de-camino_5-169x300.jpg 169w, https:\/\/caminodesantiagofrances.com\/en\/wp-content\/uploads\/sites\/3\/2025\/12\/Un-amor-de-camino_5-768x1362.jpg 768w, https:\/\/caminodesantiagofrances.com\/en\/wp-content\/uploads\/sites\/3\/2025\/12\/Un-amor-de-camino_5-866x1536.jpg 866w, https:\/\/caminodesantiagofrances.com\/en\/wp-content\/uploads\/sites\/3\/2025\/12\/Un-amor-de-camino_5-1155x2048.jpg 1155w, https:\/\/caminodesantiagofrances.com\/en\/wp-content\/uploads\/sites\/3\/2025\/12\/Un-amor-de-camino_5-scaled.jpg 1444w\" sizes=\"auto, (max-width: 578px) 100vw, 578px\" \/><\/figure>\n\n\n\n<figure class=\"wp-block-image size-large\"><img loading=\"lazy\" decoding=\"async\" width=\"578\" height=\"1024\" data-id=\"17202\" src=\"https:\/\/caminodesantiagofrances.com\/en\/wp-content\/uploads\/sites\/3\/2025\/12\/Un-amor-de-camino_4-578x1024.jpg\" alt=\"\" class=\"wp-image-17202\" srcset=\"https:\/\/caminodesantiagofrances.com\/en\/wp-content\/uploads\/sites\/3\/2025\/12\/Un-amor-de-camino_4-578x1024.jpg 578w, https:\/\/caminodesantiagofrances.com\/en\/wp-content\/uploads\/sites\/3\/2025\/12\/Un-amor-de-camino_4-169x300.jpg 169w, https:\/\/caminodesantiagofrances.com\/en\/wp-content\/uploads\/sites\/3\/2025\/12\/Un-amor-de-camino_4-768x1362.jpg 768w, https:\/\/caminodesantiagofrances.com\/en\/wp-content\/uploads\/sites\/3\/2025\/12\/Un-amor-de-camino_4-866x1536.jpg 866w, https:\/\/caminodesantiagofrances.com\/en\/wp-content\/uploads\/sites\/3\/2025\/12\/Un-amor-de-camino_4-1155x2048.jpg 1155w, https:\/\/caminodesantiagofrances.com\/en\/wp-content\/uploads\/sites\/3\/2025\/12\/Un-amor-de-camino_4-scaled.jpg 1444w\" sizes=\"auto, (max-width: 578px) 100vw, 578px\" \/><\/figure>\n<\/figure>\n","protected":false},"excerpt":{"rendered":"<p>Hice el Camino de Santiago Franc\u00e9s por primera vez en agosto de 2023 y, sin saberlo, estaba a punto de vivir una de las experiencias m\u00e1s especiales de mi vida. Llevaba m\u00e1s de un a\u00f1o queri\u00e9ndolo hacer, pero siempre encontraba una excusa: no ten\u00eda con qui\u00e9n ir, nunca hab\u00eda viajado sola y a mis padres [&hellip;]<\/p>\n","protected":false},"author":1,"featured_media":17196,"comment_status":"closed","ping_status":"closed","sticky":false,"template":"","format":"standard","meta":{"footnotes":""},"categories":[729],"tags":[730],"class_list":["post-17194","post","type-post","status-publish","format-standard","has-post-thumbnail","hentry","category-relatos-de-peregrinos","tag-un-relato-al-dia"],"_links":{"self":[{"href":"https:\/\/caminodesantiagofrances.com\/en\/wp-json\/wp\/v2\/posts\/17194","targetHints":{"allow":["GET"]}}],"collection":[{"href":"https:\/\/caminodesantiagofrances.com\/en\/wp-json\/wp\/v2\/posts"}],"about":[{"href":"https:\/\/caminodesantiagofrances.com\/en\/wp-json\/wp\/v2\/types\/post"}],"author":[{"embeddable":true,"href":"https:\/\/caminodesantiagofrances.com\/en\/wp-json\/wp\/v2\/users\/1"}],"replies":[{"embeddable":true,"href":"https:\/\/caminodesantiagofrances.com\/en\/wp-json\/wp\/v2\/comments?post=17194"}],"version-history":[{"count":0,"href":"https:\/\/caminodesantiagofrances.com\/en\/wp-json\/wp\/v2\/posts\/17194\/revisions"}],"wp:featuredmedia":[{"embeddable":true,"href":"https:\/\/caminodesantiagofrances.com\/en\/wp-json\/wp\/v2\/media\/17196"}],"wp:attachment":[{"href":"https:\/\/caminodesantiagofrances.com\/en\/wp-json\/wp\/v2\/media?parent=17194"}],"wp:term":[{"taxonomy":"category","embeddable":true,"href":"https:\/\/caminodesantiagofrances.com\/en\/wp-json\/wp\/v2\/categories?post=17194"},{"taxonomy":"post_tag","embeddable":true,"href":"https:\/\/caminodesantiagofrances.com\/en\/wp-json\/wp\/v2\/tags?post=17194"}],"curies":[{"name":"wp","href":"https:\/\/api.w.org\/{rel}","templated":true}]}}